{"id":5939,"date":"2023-10-18T06:58:06","date_gmt":"2023-10-18T06:58:06","guid":{"rendered":"http:\/\/gkvitkovice.cz\/?p=5939"},"modified":"2023-10-18T07:08:40","modified_gmt":"2023-10-18T07:08:40","slug":"pozvani-primatorem-ostravy-13-10-2023","status":"publish","type":"post","link":"https:\/\/gkvitkovice.cz\/?p=5939","title":{"rendered":"Pozv\u00e1n\u00ed prim\u00e1torem Ostravy, 13. 10. 2023"},"content":{"rendered":"\n<div class=\"wp-block-image\"><figure class=\"aligncenter size-large is-resized\"><a href=\"http:\/\/gkvitkovice.cz\/wp-content\/uploads\/2023\/10\/IMG-20231013-WA0004.jpg\"><img loading=\"lazy\" src=\"http:\/\/gkvitkovice.cz\/wp-content\/uploads\/2023\/10\/IMG-20231013-WA0004-768x1024.jpg\" alt=\"\" class=\"wp-image-5940\" width=\"384\" height=\"512\" srcset=\"https:\/\/gkvitkovice.cz\/wp-content\/uploads\/2023\/10\/IMG-20231013-WA0004-768x1024.jpg 768w, https:\/\/gkvitkovice.cz\/wp-content\/uploads\/2023\/10\/IMG-20231013-WA0004-225x300.jpg 225w, https:\/\/gkvitkovice.cz\/wp-content\/uploads\/2023\/10\/IMG-20231013-WA0004-1152x1536.jpg 1152w, https:\/\/gkvitkovice.cz\/wp-content\/uploads\/2023\/10\/IMG-20231013-WA0004.jpg 1200w\" sizes=\"(max-width: 384px) 100vw, 384px\" \/><\/a><\/figure><\/div>\n\n\n\n<p>Letos jsme se mohli z\u00fa\u010dastnit je\u0161t\u011b jednoho velmi mil\u00e9ho setk\u00e1n\u00ed, tentokr\u00e1t s panem prim\u00e1torem Mgr. Janem Dohnalem. Na\u0161i sportovci, v\u010detn\u011b jejich tren\u00e9r\u016f, si u\u017eili p\u0159\u00edjemn\u00e9 pov\u00edd\u00e1n\u00ed s panem prim\u00e1torem, kter\u00e9mu byli v\u0161ichni pozvan\u00ed jmenovit\u011b p\u0159edstaveni. Skv\u011bl\u00e9 poho\u0161t\u011bn\u00ed a p\u011bkn\u00e9 upom\u00ednkov\u00e9 d\u00e1re\u010dky zavr\u0161ily setk\u00e1n\u00ed.<\/p>\n\n\n\n<p>Velmi si v\u00e1\u017e\u00edme mo\u017enosti sezn\u00e1mit se s nejvy\u0161\u0161\u00edm p\u0159edstavitelem m\u011bsta Ostravy a d\u011bkujeme za velmi p\u0159\u00edjemn\u011b str\u00e1ven\u00fd \u010das.<\/p>\n\n\n\n<p><em>Sportovn\u00ed gymnastika<\/em><\/p>\n\n\n\n<p><strong>Zoe Laura Kol\u00e1\u0159ov\u00e1<\/strong><\/p>\n\n\n\n<ul><li>p\u0159ebornice MS kraje 2023, 6. m\u00edsto M\u010cR 2023 VS 3A<\/li><\/ul>\n\n\n\n<p><strong>S\u00e1ra Anna Novotn\u00e1<\/strong><\/p>\n\n\n\n<ul><li>4. m\u00edsto M\u010cR 2023 na bradlech VS 4A<\/li><\/ul>\n\n\n\n<p><strong>Frederika Prutkayov\u00e1<\/strong><\/p>\n\n\n\n<ul><li>n\u011bkolikan\u00e1sobn\u00e1 p\u0159ebornice MS kraje, mistryn\u011b \u010cR 2021 VS 1A, 4. m\u00edsto M\u010cR 2022 VS 2A, 10. m\u00edsto M\u010cR 2023 VS 3A<\/li><\/ul>\n\n\n\n<p><strong>Linda Rakov\u00e1<\/strong><\/p>\n\n\n\n<ul><li>n\u011bkolikan\u00e1sobn\u00e1 p\u0159ebornice MS kraje, mistryn\u011b \u010cR 2019 VS 1A, 5. m\u00edsto M\u010cR 2021 VS 2A, vicemistryn\u011b \u010cR 2023 na kladin\u011b VS 4 A<\/li><\/ul>\n\n\n\n<p><strong>Liliana Such\u00e1<\/strong><\/p>\n\n\n\n<ul><li>dvojn\u00e1sobn\u00e1 p\u0159ebornice MS kraje, 4. m\u00edsto M\u010cR 2023 VS 1A<\/li><\/ul>\n\n\n\n<p><strong>Anna Ulehlov\u00e1<\/strong><\/p>\n\n\n\n<ul><li>n\u011bkolikan\u00e1sobn\u00e1 p\u0159ebornice MS kraje, dvojn\u00e1sobn\u00e1 vicemistryn\u011b \u010cR 2022 VS 1A a 2023 VS 2A<\/li><\/ul>\n\n\n\n<p><strong>Jan Leikep&nbsp;<\/strong><\/p>\n\n\n\n<ul><li>mistr \u010cR 2022 v kat. dorostenci, 5. m\u00edsto 2023 na prostn\u00fdch v kat. junio\u0159i<\/li><\/ul>\n\n\n\n<p><em>Teamgym<\/em><\/p>\n\n\n\n<p><strong>Lucie G\u0159e\u0161ov\u00e1<\/strong>,&nbsp;<strong>Klaudie Hynek<\/strong>,&nbsp;<strong>Roz\u00e1lie O\u017eanov\u00e1<\/strong>,&nbsp;<strong>Nat\u00e1lie Papou\u0161kov\u00e1&nbsp;<\/strong><\/p>\n\n\n\n<ul><li>vicemistryn\u011b \u010cR 2022<\/li><li>mistryn\u011b \u010cR 2023 \u2013 v\u00edt\u011bzstv\u00edm si zajistily postup na Mid-European Championship v italsk\u00e9m LignanoSabbiadoro, kter\u00e9 se uskute\u010dn\u00ed v listopadu 2023<\/li><li>V\u0161echny \u010dty\u0159i se dostaly do u\u017e\u0161\u00edho v\u00fdb\u011bru na ME 2024, kter\u00e9 se bude konat v Baku (\u00c1zerb\u00e1jd\u017e\u00e1n).<\/li><li>Klaudie Hynek se nav\u00edc v lo\u0148sk\u00e9m roce probojovala do juniorsk\u00e9 reprezentace \u010cesk\u00e9 republiky, se kterou z\u00e1vodila na Mistrovstv\u00ed Evropy v Lucembursku.<\/li><\/ul>\n\n\n\n<p><br><em>Tren\u00e9\u0159i<\/em><\/p>\n\n\n\n<p><strong>Karla Adam\u00edkov\u00e1<\/strong><\/p>\n\n\n\n<p><strong>Sv\u011btlana Grmelov\u00e1<\/strong><\/p>\n\n\n\n<p><strong>Gabriela Hynek<\/strong><\/p>\n\n\n\n<p><strong>Monika Prutkayov\u00e1<\/strong><\/p>\n\n\n\n<p><strong>Ji\u0159\u00ed Kopec<\/strong><\/p>\n\n\n\n<p><em>(Monika Prutkayov\u00e1)<\/em><\/p>\n","protected":false},"excerpt":{"rendered":"<p><!-- wp:image {\"align\":\"center\",\"id\":5940,\"width\":384,\"height\":512,\"sizeSlug\":\"large\",\"linkDestination\":\"media\"} --><\/p>\n<div class=\"wp-block-image\">\n<figure class=\"aligncenter size-large is-resized\"><a href=\"http:\/\/gkvitkovice.cz\/wp-content\/uploads\/2023\/10\/IMG-20231013-WA0004.jpg\"><img loading=\"lazy\" src=\"http:\/\/gkvitkovice.cz\/wp-content\/uploads\/2023\/10\/IMG-20231013-WA0004-768x1024.jpg\" alt=\"\" class=\"wp-image-5940\" width=\"384\" height=\"512\" srcset=\"https:\/\/gkvitkovice.cz\/wp-content\/uploads\/2023\/10\/IMG-20231013-WA0004-768x1024.jpg 768w, https:\/\/gkvitkovice.cz\/wp-content\/uploads\/2023\/10\/IMG-20231013-WA0004-225x300.jpg 225w, https:\/\/gkvitkovice.cz\/wp-content\/uploads\/2023\/10\/IMG-20231013-WA0004-1152x1536.jpg 1152w, https:\/\/gkvitkovice.cz\/wp-content\/uploads\/2023\/10\/IMG-20231013-WA0004.jpg 1200w\" sizes=\"(max-width: 384px) 100vw, 384px\" \/><\/a><\/figure>\n<\/div>\n<p><!-- \/wp:image --><\/p>\n<p><!-- wp:paragraph --><\/p>\n<p>Letos jsme se mohli z\u00fa\u010dastnit je\u0161t\u011b jednoho velmi mil\u00e9ho setk\u00e1n\u00ed, tentokr\u00e1t s panem prim\u00e1torem Mgr. Janem Dohnalem.<\/p>\n","protected":false},"author":1,"featured_media":0,"comment_status":"closed","ping_status":"open","sticky":false,"template":"","format":"standard","meta":[],"categories":[18],"tags":[],"_links":{"self":[{"href":"https:\/\/gkvitkovice.cz\/index.php?rest_route=\/wp\/v2\/posts\/5939"}],"collection":[{"href":"https:\/\/gkvitkovice.cz\/index.php?rest_route=\/wp\/v2\/posts"}],"about":[{"href":"https:\/\/gkvitkovice.cz\/index.php?rest_route=\/wp\/v2\/types\/post"}],"author":[{"embeddable":true,"href":"https:\/\/gkvitkovice.cz\/index.php?rest_route=\/wp\/v2\/users\/1"}],"replies":[{"embeddable":true,"href":"https:\/\/gkvitkovice.cz\/index.php?rest_route=%2Fwp%2Fv2%2Fcomments&post=5939"}],"version-history":[{"count":2,"href":"https:\/\/gkvitkovice.cz\/index.php?rest_route=\/wp\/v2\/posts\/5939\/revisions"}],"predecessor-version":[{"id":5942,"href":"https:\/\/gkvitkovice.cz\/index.php?rest_route=\/wp\/v2\/posts\/5939\/revisions\/5942"}],"wp:attachment":[{"href":"https:\/\/gkvitkovice.cz\/index.php?rest_route=%2Fwp%2Fv2%2Fmedia&parent=5939"}],"wp:term":[{"taxonomy":"category","embeddable":true,"href":"https:\/\/gkvitkovice.cz\/index.php?rest_route=%2Fwp%2Fv2%2Fcategories&post=5939"},{"taxonomy":"post_tag","embeddable":true,"href":"https:\/\/gkvitkovice.cz\/index.php?rest_route=%2Fwp%2Fv2%2Ftags&post=5939"}],"curies":[{"name":"wp","href":"https:\/\/api.w.org\/{rel}","templated":true}]}}