{"id":5948,"date":"2023-10-31T07:10:11","date_gmt":"2023-10-31T07:10:11","guid":{"rendered":"http:\/\/gkvitkovice.cz\/?p=5948"},"modified":"2023-10-31T07:11:10","modified_gmt":"2023-10-31T07:11:10","slug":"mistrovstvi-ceske-republiky-kategorie-c-2023","status":"publish","type":"post","link":"https:\/\/gkvitkovice.cz\/?p=5948","title":{"rendered":"Mistrovstv\u00ed \u010cesk\u00e9 republiky, kategorie C 2023"},"content":{"rendered":"<div id=\"fb-root\"><\/div>\n<p><script async=\"\" defer=\"\" crossorigin=\"anonymous\" src=\"https:\/\/connect.facebook.net\/cs_CZ\/sdk.js#xfbml=1&amp;version=v18.0\" nonce=\"UOO3deBo\"><\/script><\/p>\n\n\n<div class=\"wp-block-image\"><figure class=\"aligncenter size-large is-resized\"><a href=\"http:\/\/gkvitkovice.cz\/wp-content\/uploads\/2023\/10\/MRC_eladn_19.jpg\"><img loading=\"lazy\" src=\"http:\/\/gkvitkovice.cz\/wp-content\/uploads\/2023\/10\/MRC_eladn_19-1024x686.jpg\" alt=\"\" class=\"wp-image-5949\" width=\"512\" height=\"343\" srcset=\"https:\/\/gkvitkovice.cz\/wp-content\/uploads\/2023\/10\/MRC_eladn_19-1024x686.jpg 1024w, https:\/\/gkvitkovice.cz\/wp-content\/uploads\/2023\/10\/MRC_eladn_19-300x201.jpg 300w, https:\/\/gkvitkovice.cz\/wp-content\/uploads\/2023\/10\/MRC_eladn_19-768x515.jpg 768w, https:\/\/gkvitkovice.cz\/wp-content\/uploads\/2023\/10\/MRC_eladn_19-1536x1029.jpg 1536w, https:\/\/gkvitkovice.cz\/wp-content\/uploads\/2023\/10\/MRC_eladn_19.jpg 2000w\" sizes=\"(max-width: 512px) 100vw, 512px\" \/><\/a><\/figure><\/div>\n\n\n\n<p>Ve dnech 27. &#8211; 29. 10. 2023 se konalo M\u010cR \u017een kategorie C. T\u0159\u00eddenn\u00ed marat\u00f3n se uskute\u010dnil v n\u00e1dhern\u00e9m prost\u0159ed\u00ed pro n\u00e1s nedalek\u00e9 \u010celadn\u00e9. Organizace prob\u00edhala na jedni\u010dku a douf\u00e1me, \u017ee \u010celadn\u00e1 dostane i dal\u0161\u00ed p\u0159\u00edle\u017eitosti uspo\u0159\u00e1dat z\u00e1vody podobn\u00e9ho v\u00fdznamu.<\/p>\n\n\n\n<p>N\u00e1\u0161 odd\u00edl m\u011bl zastoupen\u00ed pouze v kategorii juniorek &#8211; <strong>Nelu Hl\u00e1vkovou<\/strong> a v kategorii \u017een &#8211; <strong>Nat\u00e1lii Najdekovou<\/strong> a <strong>Dominiku Friedrichovou<\/strong>. Nel\u010da si po slu\u0161n\u00e9m v\u00fdkonu odvezla kr\u00e1sn\u00e9 des\u00e1t\u00e9 m\u00edsto z celkov\u00e9ho po\u010dtu \u0161edes\u00e1ti z\u00e1vodnic. Velmi dob\u0159e zajela kladinu, na kter\u00e9 z\u00edskala nejvy\u0161\u0161\u00ed zn\u00e1mku z\u00e1vodu. V \u017een\u00e1ch byla opravdu siln\u00e1 konkurence, se\u0161lo se neuv\u011b\u0159iteln\u00fdch 44 d\u011bv\u010dat z cel\u00e9 republiky. Na\u0161e holky zajely cel\u00fd z\u00e1vod bez p\u00e1du a v\u011bt\u0161\u00edch chyb. Dom\u010da zajela velmi p\u011bkn\u00fd z\u00e1vod, na to, \u017ee na ja\u0159e m\u011bla t\u0159\u00ed m\u011bs\u00ed\u010dn\u00ed v\u00fdpadek. Jej\u00ed v\u00fdkon sta\u010dil na 22. m\u00edsto. Natce utekla bronzov\u00e1 medaile o pouhou desetinku. Skon\u010dila na skv\u011bl\u00e9m 4. m\u00edst\u011b. Natka je aktu\u00e1ln\u011b v&nbsp;maturitn\u00edm ro\u010dn\u00edku a nav\u00edc se v&nbsp;posledn\u00ed dob\u011b pot\u00fdkala se zdravotn\u00edmi probl\u00e9my, proto je jej\u00ed \u00fasp\u011bch o to cenn\u011bj\u0161\u00ed.<\/p>\n\n\n\n<p>Holk\u00e1m moc gratulujeme a p\u0159ejeme \u00fasp\u011bch i na nadch\u00e1zej\u00edc\u00edch z\u00e1vodech ligy.&nbsp;<\/p>\n\n\n\n<p>Fotky <a href=\"https:\/\/www.rajce.idnes.cz\/gkvitkovice\/album\/mcr-c-celadna-2023\">ZDE<\/a><\/p>\n\n\n\n<p>V\u00fdsledky <a href=\"https:\/\/www.gymfed.cz\/vysledky\/detail\/2722\">ZDE<\/a><\/p>\n\n\n\n<p><em>(Gabriela Hynek)<\/em><\/p>\n\n\n<div class=\"fb-like\" data-href=\"http:\/\/gkvitkovice.cz\/?p=5948\" data-width=\"\" data-layout=\"\" data-action=\"\" data-size=\"\" data-share=\"true\"><\/div>","protected":false},"excerpt":{"rendered":"<p><!-- wp:image {\"align\":\"center\",\"id\":5949,\"width\":512,\"height\":343,\"sizeSlug\":\"large\",\"linkDestination\":\"media\"} --><\/p>\n<div class=\"wp-block-image\">\n<figure class=\"aligncenter size-large is-resized\"><a href=\"http:\/\/gkvitkovice.cz\/wp-content\/uploads\/2023\/10\/MRC_eladn_19.jpg\"><img loading=\"lazy\" src=\"http:\/\/gkvitkovice.cz\/wp-content\/uploads\/2023\/10\/MRC_eladn_19-1024x686.jpg\" alt=\"\" class=\"wp-image-5949\" width=\"512\" height=\"343\" srcset=\"https:\/\/gkvitkovice.cz\/wp-content\/uploads\/2023\/10\/MRC_eladn_19-1024x686.jpg 1024w, https:\/\/gkvitkovice.cz\/wp-content\/uploads\/2023\/10\/MRC_eladn_19-300x201.jpg 300w, https:\/\/gkvitkovice.cz\/wp-content\/uploads\/2023\/10\/MRC_eladn_19-768x515.jpg 768w, https:\/\/gkvitkovice.cz\/wp-content\/uploads\/2023\/10\/MRC_eladn_19-1536x1029.jpg 1536w, https:\/\/gkvitkovice.cz\/wp-content\/uploads\/2023\/10\/MRC_eladn_19.jpg 2000w\" sizes=\"(max-width: 512px) 100vw, 512px\" \/><\/a><\/figure>\n<\/div>\n<p><!-- \/wp:image --><\/p>\n<p><!-- wp:paragraph --><\/p>\n<p>Ve dnech 27. &#8211; 29. 10. 2023 se konalo M\u010cR \u017een kategorie C. <\/p>\n","protected":false},"author":1,"featured_media":0,"comment_status":"closed","ping_status":"open","sticky":false,"template":"","format":"standard","meta":[],"categories":[18],"tags":[],"_links":{"self":[{"href":"https:\/\/gkvitkovice.cz\/index.php?rest_route=\/wp\/v2\/posts\/5948"}],"collection":[{"href":"https:\/\/gkvitkovice.cz\/index.php?rest_route=\/wp\/v2\/posts"}],"about":[{"href":"https:\/\/gkvitkovice.cz\/index.php?rest_route=\/wp\/v2\/types\/post"}],"author":[{"embeddable":true,"href":"https:\/\/gkvitkovice.cz\/index.php?rest_route=\/wp\/v2\/users\/1"}],"replies":[{"embeddable":true,"href":"https:\/\/gkvitkovice.cz\/index.php?rest_route=%2Fwp%2Fv2%2Fcomments&post=5948"}],"version-history":[{"count":2,"href":"https:\/\/gkvitkovice.cz\/index.php?rest_route=\/wp\/v2\/posts\/5948\/revisions"}],"predecessor-version":[{"id":5951,"href":"https:\/\/gkvitkovice.cz\/index.php?rest_route=\/wp\/v2\/posts\/5948\/revisions\/5951"}],"wp:attachment":[{"href":"https:\/\/gkvitkovice.cz\/index.php?rest_route=%2Fwp%2Fv2%2Fmedia&parent=5948"}],"wp:term":[{"taxonomy":"category","embeddable":true,"href":"https:\/\/gkvitkovice.cz\/index.php?rest_route=%2Fwp%2Fv2%2Fcategories&post=5948"},{"taxonomy":"post_tag","embeddable":true,"href":"https:\/\/gkvitkovice.cz\/index.php?rest_route=%2Fwp%2Fv2%2Ftags&post=5948"}],"curies":[{"name":"wp","href":"https:\/\/api.w.org\/{rel}","templated":true}]}}