{"id":5952,"date":"2023-10-31T07:23:37","date_gmt":"2023-10-31T07:23:37","guid":{"rendered":"http:\/\/gkvitkovice.cz\/?p=5952"},"modified":"2023-10-31T07:24:20","modified_gmt":"2023-10-31T07:24:20","slug":"tg-zavod-v-pribrami-a-vyhlaseni-ceskeho-poharu-2023","status":"publish","type":"post","link":"https:\/\/gkvitkovice.cz\/?p=5952","title":{"rendered":"TG z\u00e1vod v P\u0159\u00edbrami a vyhl\u00e1\u0161en\u00ed \u010cesk\u00e9ho poh\u00e1ru 2023"},"content":{"rendered":"<div id=\"fb-root\"><\/div>\n<p><script async=\"\" defer=\"\" crossorigin=\"anonymous\" src=\"https:\/\/connect.facebook.net\/cs_CZ\/sdk.js#xfbml=1&amp;version=v18.0\" nonce=\"kg762UTr\"><\/script><\/p>\n\n\n<div class=\"wp-block-image\"><figure class=\"aligncenter size-large is-resized\"><a href=\"http:\/\/gkvitkovice.cz\/wp-content\/uploads\/2023\/10\/09_TG_Pbram_18.jpg\"><img loading=\"lazy\" src=\"http:\/\/gkvitkovice.cz\/wp-content\/uploads\/2023\/10\/09_TG_Pbram_18-1024x682.jpg\" alt=\"\" class=\"wp-image-5953\" width=\"512\" height=\"341\" srcset=\"https:\/\/gkvitkovice.cz\/wp-content\/uploads\/2023\/10\/09_TG_Pbram_18-1024x682.jpg 1024w, https:\/\/gkvitkovice.cz\/wp-content\/uploads\/2023\/10\/09_TG_Pbram_18-300x200.jpg 300w, https:\/\/gkvitkovice.cz\/wp-content\/uploads\/2023\/10\/09_TG_Pbram_18-768x512.jpg 768w, https:\/\/gkvitkovice.cz\/wp-content\/uploads\/2023\/10\/09_TG_Pbram_18-1536x1024.jpg 1536w, https:\/\/gkvitkovice.cz\/wp-content\/uploads\/2023\/10\/09_TG_Pbram_18.jpg 2000w\" sizes=\"(max-width: 512px) 100vw, 512px\" \/><\/a><\/figure><\/div>\n\n\n<p>V sobotu 21. 10. 2023 se v P\u0159\u00edbrami uskute\u010dnil posledn\u00ed z\u00e1vod \u010cesk\u00e9ho poh\u00e1ru. Odj\u00ed\u017ed\u011bly jsme s velk\u00fdmi ambicemi, ale n\u00e1\u0161 v\u00fdsledek p\u0159ed\u010dil ve\u0161ker\u00e1 o\u010dek\u00e1v\u00e1n\u00ed.<\/p>\n<p>Z\u00e1vod za\u010daly holky na trampol\u00edn\u011b, na\u0161em nejslab\u0161\u00edm n\u00e1\u0159ad\u00ed. Vsadily na obt\u00ed\u017enost a vyplatilo se. \u010cty\u0159i Cukahary, \u0161est dvojn\u00fdch salt s p\u016flkou&#8230; a v\u00fdsledek 13.750 b. byl nejvy\u0161\u0161\u00edm nejen v P\u0159\u00edbrami, ale i v cel\u00e9 s\u00e9rii \u010cP.<\/p>\n<p>N\u00e1sledovala p\u00f3diov\u00e1 skladba s v\u00fdslednou zn\u00e1mkou16.850 b. Zde by se ur\u010dit\u011b na\u0161el n\u011bjak\u00fd prostor na zlep\u0161en\u00ed.<\/p>\n<p>S vervou se tedy holky pustily do posledn\u00edho n\u00e1\u0159ad\u00ed, na kter\u00e9m zaz\u00e1\u0159ily ji\u017e na M\u010cR. I na tumblu zvedly obt\u00ed\u017enost, a to hlavn\u011b v posledn\u00ed \u0159ad\u011b. Dva vruty 540, dva vruty 720 a dvojn\u00e9 salto skr\u010dmo a schylmo dostaly div\u00e1ky na nohy a v\u00fdkon\u016fm d\u011bv\u010dat fandila cel\u00e1 hala v P\u0159\u00edbrami. Rozhod\u010d\u00ed pak v\u00fdkon ocenili op\u011bt nejvy\u0161\u0161\u00ed zn\u00e1mkou z\u00e1vodu 14.400 b.<\/p>\n<p>Holky nav\u00e1zaly na \u00fasp\u011bch z M\u010cR a nejen z P\u0159\u00edbrami, ale i z cel\u00e9ho \u010cesk\u00e9ho poh\u00e1ru si tak odv\u00e1\u017e\u00ed ty nejcenn\u011bj\u0161\u00ed kovy.<\/p>\n<p><span style=\"color: #0000ff;\">Letos se chystaj\u00ed je\u0161t\u011b dal\u0161\u00ed teamgymov\u00e9 z\u00e1vody, ale my se v \u010cesk\u00e9 republice v tomto roce ji\u017e neuk\u00e1\u017eeme. N\u00e1\u0161 posledn\u00ed z\u00e1vod se uskute\u010dn\u00ed za dvacet dn\u00ed v italsk\u00e9m Lignanu Sabiaddoru. V\u00fddaje na s\u00e9rii z\u00e1vodu \u010cP se p\u0159ibl\u00ed\u017eily ke statis\u00edcov\u00e9 \u010d\u00e1stce a It\u00e1lie nebude levn\u011bj\u0161\u00ed. Teamgym je n\u00e1dhern\u00fd t\u00fdmov\u00fd sport, ale naj\u00edt finan\u010dn\u00ed podporu u \u010cGF nebo u sponzor\u016f je obt\u00ed\u017en\u00e9. Pokud by n\u00e1\u0161 t\u00fdm m\u011bl n\u011bkdo z\u00e1jem podpo\u0159it, ur\u010dit\u011b to r\u00e1dy uv\u00edt\u00e1me, jsme nejlep\u0161\u00ed juniorsk\u00fd t\u00fdm \u010cR pro rok 2023, tak na to m\u016f\u017eete b\u00fdt hrd\u00ed s n\u00e1mi. D\u011bkujeme.<\/span><\/p>\n<p>Za cel\u00fd leto\u0161n\u00ed rok bych t\u00edmto cht\u011bla pod\u011bkovat holk\u00e1m, \u017ee na ka\u017ed\u00e9m z\u00e1vodu p\u0159edvedly n\u011bco nav\u00edc, za to, \u017ee se nevzd\u00e1vaj\u00ed, i kdy\u017e je ob\u010das n\u011bco bol\u00ed nebo se n\u011bco nepovede. Veden\u00ed GK V\u00edtkovice za podporu. Tak\u00e9 bych r\u00e1da pod\u011bkovala tren\u00e9rk\u00e1m, kter\u00e9 se pod\u00edl\u00ed nebo se pod\u00edlely na p\u0159\u00edprav\u011b d\u011bv\u010dat &#8211; V. Hajkov\u00e9, S. Grmelov\u00e9 a L. Papou\u0161kov\u00e9, ve Fren\u0161t\u00e1tu S. Modrovi\u010dov\u00e9, M. Chramostov\u00e9, M. Fialov\u00e9, M. Pazderkov\u00e9 a K. Mr\u016fzkov\u00e9. A samoz\u0159ejm\u011b rodi\u010d\u016fm holek nejen za ochotu a p\u0159\u00edstup, ale i za ji\u017e zm\u00edn\u011bn\u00e9 financov\u00e1n\u00ed. A nemohu zapomenout ani na \u00fa\u017easn\u00e9 fanou\u0161ky a tak\u00e9 na konkurenci, d\u00edky kter\u00e9 nem\u00e1me \u010das usnout na vav\u0159\u00ednech. V\u0161em moc d\u011bkuji.<\/p>\n<p><em>Gabriela Hynek, tren\u00e9rka juniorsk\u00e9ho TG dru\u017estva GK V\u00edtkovice<\/em><\/p>\n<p>A co o n\u00e1s napsala \u010cGF? M\u016f\u017eete si p\u0159e\u010d\u00edst <a href=\"https:\/\/www.gymfed.cz\/1312-cesky-pohar-teamgym-2023.html\">ZDE<\/a><\/p>\n<p>Fotky <a href=\"https:\/\/www.rajce.idnes.cz\/gkvitkovice\/album\/pohar-mesta-pribrami-21-10-2023\">ZDE<\/a><\/p>\n\n\n<div class=\"wp-block-image\"><figure class=\"aligncenter size-large is-resized\"><a href=\"http:\/\/gkvitkovice.cz\/wp-content\/uploads\/2023\/10\/09_TG_Pbram_19.jpg\"><img loading=\"lazy\" src=\"http:\/\/gkvitkovice.cz\/wp-content\/uploads\/2023\/10\/09_TG_Pbram_19-682x1024.jpg\" alt=\"\" class=\"wp-image-5954\" width=\"341\" height=\"512\" srcset=\"https:\/\/gkvitkovice.cz\/wp-content\/uploads\/2023\/10\/09_TG_Pbram_19-682x1024.jpg 682w, https:\/\/gkvitkovice.cz\/wp-content\/uploads\/2023\/10\/09_TG_Pbram_19-200x300.jpg 200w, https:\/\/gkvitkovice.cz\/wp-content\/uploads\/2023\/10\/09_TG_Pbram_19-768x1152.jpg 768w, https:\/\/gkvitkovice.cz\/wp-content\/uploads\/2023\/10\/09_TG_Pbram_19-1024x1536.jpg 1024w, https:\/\/gkvitkovice.cz\/wp-content\/uploads\/2023\/10\/09_TG_Pbram_19.jpg 1333w\" sizes=\"(max-width: 341px) 100vw, 341px\" \/><\/a><\/figure><\/div>\n\n\n<div class=\"fb-like\" data-href=\"http:\/\/gkvitkovice.cz\/?p=5952\" data-width=\"\" data-layout=\"\" data-action=\"\" data-size=\"\" data-share=\"true\"><\/div>","protected":false},"excerpt":{"rendered":"<p><!-- wp:image {\"align\":\"center\",\"id\":5953,\"width\":512,\"height\":341,\"sizeSlug\":\"large\",\"linkDestination\":\"media\"} --><\/p>\n<div class=\"wp-block-image\">\n<figure class=\"aligncenter size-large is-resized\"><a href=\"http:\/\/gkvitkovice.cz\/wp-content\/uploads\/2023\/10\/09_TG_Pbram_18.jpg\"><img loading=\"lazy\" src=\"http:\/\/gkvitkovice.cz\/wp-content\/uploads\/2023\/10\/09_TG_Pbram_18-1024x682.jpg\" alt=\"\" class=\"wp-image-5953\" width=\"512\" height=\"341\" srcset=\"https:\/\/gkvitkovice.cz\/wp-content\/uploads\/2023\/10\/09_TG_Pbram_18-1024x682.jpg 1024w, https:\/\/gkvitkovice.cz\/wp-content\/uploads\/2023\/10\/09_TG_Pbram_18-300x200.jpg 300w, https:\/\/gkvitkovice.cz\/wp-content\/uploads\/2023\/10\/09_TG_Pbram_18-768x512.jpg 768w, https:\/\/gkvitkovice.cz\/wp-content\/uploads\/2023\/10\/09_TG_Pbram_18-1536x1024.jpg 1536w, https:\/\/gkvitkovice.cz\/wp-content\/uploads\/2023\/10\/09_TG_Pbram_18.jpg 2000w\" sizes=\"(max-width: 512px) 100vw, 512px\" \/><\/a><\/figure>\n<\/div>\n<p><!-- \/wp:image --><\/p>\n<p>V sobotu 21. 10. 2023 se v P\u0159\u00edbrami uskute\u010dnil posledn\u00ed z\u00e1vod \u010cesk\u00e9ho poh\u00e1ru. <\/p>\n","protected":false},"author":1,"featured_media":0,"comment_status":"closed","ping_status":"open","sticky":false,"template":"","format":"standard","meta":[],"categories":[18],"tags":[],"_links":{"self":[{"href":"https:\/\/gkvitkovice.cz\/index.php?rest_route=\/wp\/v2\/posts\/5952"}],"collection":[{"href":"https:\/\/gkvitkovice.cz\/index.php?rest_route=\/wp\/v2\/posts"}],"about":[{"href":"https:\/\/gkvitkovice.cz\/index.php?rest_route=\/wp\/v2\/types\/post"}],"author":[{"embeddable":true,"href":"https:\/\/gkvitkovice.cz\/index.php?rest_route=\/wp\/v2\/users\/1"}],"replies":[{"embeddable":true,"href":"https:\/\/gkvitkovice.cz\/index.php?rest_route=%2Fwp%2Fv2%2Fcomments&post=5952"}],"version-history":[{"count":3,"href":"https:\/\/gkvitkovice.cz\/index.php?rest_route=\/wp\/v2\/posts\/5952\/revisions"}],"predecessor-version":[{"id":5957,"href":"https:\/\/gkvitkovice.cz\/index.php?rest_route=\/wp\/v2\/posts\/5952\/revisions\/5957"}],"wp:attachment":[{"href":"https:\/\/gkvitkovice.cz\/index.php?rest_route=%2Fwp%2Fv2%2Fmedia&parent=5952"}],"wp:term":[{"taxonomy":"category","embeddable":true,"href":"https:\/\/gkvitkovice.cz\/index.php?rest_route=%2Fwp%2Fv2%2Fcategories&post=5952"},{"taxonomy":"post_tag","embeddable":true,"href":"https:\/\/gkvitkovice.cz\/index.php?rest_route=%2Fwp%2Fv2%2Ftags&post=5952"}],"curies":[{"name":"wp","href":"https:\/\/api.w.org\/{rel}","templated":true}]}}