{"id":5988,"date":"2023-11-14T14:30:18","date_gmt":"2023-11-14T14:30:18","guid":{"rendered":"http:\/\/gkvitkovice.cz\/?p=5988"},"modified":"2023-11-14T14:30:49","modified_gmt":"2023-11-14T14:30:49","slug":"memorial-very-medove-2023","status":"publish","type":"post","link":"https:\/\/gkvitkovice.cz\/?p=5988","title":{"rendered":"Memori\u00e1l V\u011bry Medov\u00e9 2023"},"content":{"rendered":"<div id=\"fb-root\"><\/div>\n<p><script async=\"\" defer=\"\" crossorigin=\"anonymous\" src=\"https:\/\/connect.facebook.net\/cs_CZ\/sdk.js#xfbml=1&amp;version=v18.0\" nonce=\"lWuasyO9\"><\/script><\/p>\n\n\n<div class=\"wp-block-image\"><figure class=\"aligncenter size-large is-resized\"><a href=\"http:\/\/gkvitkovice.cz\/wp-content\/uploads\/2023\/11\/IMG-20231109-WA0002.jpg\"><img loading=\"lazy\" src=\"http:\/\/gkvitkovice.cz\/wp-content\/uploads\/2023\/11\/IMG-20231109-WA0002-1024x768.jpg\" alt=\"\" class=\"wp-image-5989\" width=\"512\" height=\"384\" srcset=\"https:\/\/gkvitkovice.cz\/wp-content\/uploads\/2023\/11\/IMG-20231109-WA0002-1024x768.jpg 1024w, https:\/\/gkvitkovice.cz\/wp-content\/uploads\/2023\/11\/IMG-20231109-WA0002-300x225.jpg 300w, https:\/\/gkvitkovice.cz\/wp-content\/uploads\/2023\/11\/IMG-20231109-WA0002-768x576.jpg 768w, https:\/\/gkvitkovice.cz\/wp-content\/uploads\/2023\/11\/IMG-20231109-WA0002-1536x1152.jpg 1536w, https:\/\/gkvitkovice.cz\/wp-content\/uploads\/2023\/11\/IMG-20231109-WA0002.jpg 2000w\" sizes=\"(max-width: 512px) 100vw, 512px\" \/><\/a><\/figure><\/div>\n\n\n\n<p>Po\u010detn\u011b obsazen\u00fdm z\u00e1vodem b\u00fdv\u00e1 tradi\u010dn\u011b Memori\u00e1l V\u011bry Medov\u00e9 na pra\u017esk\u00e9m \u017di\u017ekov\u011b, kter\u00fd se konal 5. 11. 2023. Ani letos tomu nebylo jinak.&nbsp;<\/p>\n\n\n\n<p><br>Jako prvn\u00ed si zaz\u00e1vodily nejstar\u0161\u00ed z\u00e1vodnice (ro\u010dn\u00edky 2014-2013) v celkov\u00e9m po\u010dtu 42 z\u00e1vodnic. <strong>Ani\u010dka Ulehlov\u00e1<\/strong> byla o pouh\u00fdch 0,05 b. od t\u0159et\u00edho m\u00edsta a obsadila kr\u00e1sn\u00e9 4. m\u00edsto, s kvalitn\u00edm cvi\u010den\u00edm se p\u0159edstavila <strong>S\u00e1rka K\u0159i\u017eo\u0161\u010dakov\u00e1<\/strong> na 6. m\u00edst\u011b, 13. m\u00edsto <strong>Agi Klosov\u00e1<\/strong>, 19. m\u00edsto <strong>Naty Mat\u00fa\u0161ov\u00e1<\/strong>, ob\u011b d\u011bv\u010data se bohu\u017eel nevyhnula po jednom p\u00e1du.<br><\/p>\n\n\n\n<p>V kategorii mlad\u0161\u00edch z\u00e1vodnic (ro\u010dn\u00edky 2016-2015) si vybojovala st\u0159\u00edbrnou medaili s p\u011bkn\u00fdmi sestavami <strong>Lili Such\u00e1<\/strong>, na 5. m\u00edst\u011b <strong>Jul\u010da Marszolkov\u00e1<\/strong>, kter\u00e1 zacvi\u010dila sv\u00e9 sestavy tak\u00e9 velmi p\u011bkn\u011b, 10. m\u00edsto <strong>Vivi Farn\u00edkov\u00e1 <\/strong>a na 11. m\u00edst\u011b <strong>Elka \u0160ilerov\u00e1<\/strong>, kter\u00e9 se nevyvedl z\u00e1kmih na bradlech. <\/p>\n\n\n\n<p><strong>Terez Prouzov\u00e1 <\/strong>v ro\u010dn\u00edc\u00edch 2016 byla druhou nejlep\u0161\u00ed z\u00e1vodnic\u00ed a v celkov\u00e9m hodnocen\u00ed obsadila na 14. m\u00edsto, <strong>Bar\u010da Kr\u00e1\u010dal\u00edkov\u00e1<\/strong> se z celkov\u00e9ho po\u010dtu 63 z\u00e1vodnic um\u00edstila na 34. m\u00edst\u011b.<\/p>\n\n\n\n<p><br>Z\u00e1vod to byl vzhledem k po\u010dtu z\u00e1vodnic dlouh\u00fd, ale v\u0161echny jsme si ho u\u017eily.&nbsp;<\/p>\n\n\n\n<p>V\u00fdsledky <a href=\"https:\/\/www.gymfed.cz\/vysledky\/detail\/2863\">ZDE<\/a><\/p>\n\n\n\n<p>Fotky <a rel=\"noreferrer noopener\" href=\"https:\/\/www.rajce.idnes.cz\/gkvitkovice\/album\/memorial-v-medove-praha-5-11-2023\" target=\"_blank\">ZDE<\/a><\/p>\n\n\n\n<p><em>(Monika Prutkayov\u00e1)<\/em><\/p>\n\n\n<div class=\"fb-like\" data-href=\"http:\/\/gkvitkovice.cz\/?p=5988\" data-width=\"\" data-layout=\"\" data-action=\"\" data-size=\"\" data-share=\"true\"><\/div>","protected":false},"excerpt":{"rendered":"<p><!-- wp:image {\"align\":\"center\",\"id\":5989,\"width\":512,\"height\":384,\"sizeSlug\":\"large\",\"linkDestination\":\"media\"} --><\/p>\n<div class=\"wp-block-image\">\n<figure class=\"aligncenter size-large is-resized\"><a href=\"http:\/\/gkvitkovice.cz\/wp-content\/uploads\/2023\/11\/IMG-20231109-WA0002.jpg\"><img loading=\"lazy\" src=\"http:\/\/gkvitkovice.cz\/wp-content\/uploads\/2023\/11\/IMG-20231109-WA0002-1024x768.jpg\" alt=\"\" class=\"wp-image-5989\" width=\"512\" height=\"384\" srcset=\"https:\/\/gkvitkovice.cz\/wp-content\/uploads\/2023\/11\/IMG-20231109-WA0002-1024x768.jpg 1024w, https:\/\/gkvitkovice.cz\/wp-content\/uploads\/2023\/11\/IMG-20231109-WA0002-300x225.jpg 300w, https:\/\/gkvitkovice.cz\/wp-content\/uploads\/2023\/11\/IMG-20231109-WA0002-768x576.jpg 768w, https:\/\/gkvitkovice.cz\/wp-content\/uploads\/2023\/11\/IMG-20231109-WA0002-1536x1152.jpg 1536w, https:\/\/gkvitkovice.cz\/wp-content\/uploads\/2023\/11\/IMG-20231109-WA0002.jpg 2000w\" sizes=\"(max-width: 512px) 100vw, 512px\" \/><\/a><\/figure>\n<\/div>\n<p><!-- \/wp:image --><\/p>\n<p><!-- wp:paragraph --><\/p>\n<p>Po\u010detn\u011b obsazen\u00fdm z\u00e1vodem b\u00fdv\u00e1 tradi\u010dn\u011b Memori\u00e1l V\u011bry Medov\u00e9 na pra\u017esk\u00e9m \u017di\u017ekov\u011b, kter\u00fd se konal 5. 11. 2023.<\/p>\n","protected":false},"author":1,"featured_media":0,"comment_status":"closed","ping_status":"open","sticky":false,"template":"","format":"standard","meta":[],"categories":[18],"tags":[],"_links":{"self":[{"href":"https:\/\/gkvitkovice.cz\/index.php?rest_route=\/wp\/v2\/posts\/5988"}],"collection":[{"href":"https:\/\/gkvitkovice.cz\/index.php?rest_route=\/wp\/v2\/posts"}],"about":[{"href":"https:\/\/gkvitkovice.cz\/index.php?rest_route=\/wp\/v2\/types\/post"}],"author":[{"embeddable":true,"href":"https:\/\/gkvitkovice.cz\/index.php?rest_route=\/wp\/v2\/users\/1"}],"replies":[{"embeddable":true,"href":"https:\/\/gkvitkovice.cz\/index.php?rest_route=%2Fwp%2Fv2%2Fcomments&post=5988"}],"version-history":[{"count":2,"href":"https:\/\/gkvitkovice.cz\/index.php?rest_route=\/wp\/v2\/posts\/5988\/revisions"}],"predecessor-version":[{"id":5991,"href":"https:\/\/gkvitkovice.cz\/index.php?rest_route=\/wp\/v2\/posts\/5988\/revisions\/5991"}],"wp:attachment":[{"href":"https:\/\/gkvitkovice.cz\/index.php?rest_route=%2Fwp%2Fv2%2Fmedia&parent=5988"}],"wp:term":[{"taxonomy":"category","embeddable":true,"href":"https:\/\/gkvitkovice.cz\/index.php?rest_route=%2Fwp%2Fv2%2Fcategories&post=5988"},{"taxonomy":"post_tag","embeddable":true,"href":"https:\/\/gkvitkovice.cz\/index.php?rest_route=%2Fwp%2Fv2%2Ftags&post=5988"}],"curies":[{"name":"wp","href":"https:\/\/api.w.org\/{rel}","templated":true}]}}