{"id":6000,"date":"2023-11-15T21:18:27","date_gmt":"2023-11-15T21:18:27","guid":{"rendered":"http:\/\/gkvitkovice.cz\/?p=6000"},"modified":"2023-11-15T21:19:30","modified_gmt":"2023-11-15T21:19:30","slug":"prebor-mesta-ostravy-2023-2","status":"publish","type":"post","link":"https:\/\/gkvitkovice.cz\/?p=6000","title":{"rendered":"P\u0159ebor m\u011bsta Ostravy 2023"},"content":{"rendered":"<div id=\"fb-root\"><\/div>\n<p><script async=\"\" defer=\"\" crossorigin=\"anonymous\" src=\"https:\/\/connect.facebook.net\/cs_CZ\/sdk.js#xfbml=1&amp;version=v18.0\" nonce=\"CbDYySGj\"><\/script><\/p>\n\n\n<div class=\"wp-block-image\"><figure class=\"aligncenter size-large is-resized\"><a href=\"http:\/\/gkvitkovice.cz\/wp-content\/uploads\/2023\/11\/MP_110.jpg\"><img loading=\"lazy\" src=\"http:\/\/gkvitkovice.cz\/wp-content\/uploads\/2023\/11\/MP_110-1024x682.jpg\" alt=\"\" class=\"wp-image-6001\" width=\"512\" height=\"341\" srcset=\"https:\/\/gkvitkovice.cz\/wp-content\/uploads\/2023\/11\/MP_110-1024x682.jpg 1024w, https:\/\/gkvitkovice.cz\/wp-content\/uploads\/2023\/11\/MP_110-300x200.jpg 300w, https:\/\/gkvitkovice.cz\/wp-content\/uploads\/2023\/11\/MP_110-768x512.jpg 768w, https:\/\/gkvitkovice.cz\/wp-content\/uploads\/2023\/11\/MP_110-1536x1024.jpg 1536w, https:\/\/gkvitkovice.cz\/wp-content\/uploads\/2023\/11\/MP_110.jpg 2000w\" sizes=\"(max-width: 512px) 100vw, 512px\" \/><\/a><\/figure><\/div>\n\n\n\n<p>V ned\u011bli 12. 11. 2023 uspo\u0159\u00e1dala T\u011blov\u00fdchovn\u00e1 jednota VOKD Ostrava &#8211; Poruba p\u0159ebor m\u011bsta Ostravy. Letos poprv\u00e9 otev\u0159en\u00fd i pro mimoostravsk\u00e9 odd\u00edly &#8211; nov\u011b mohly i mimoostravsk\u00e9 odd\u00edly slo\u017eit dru\u017estvo, kter\u00e9 bylo vyhodnoceno, tak\u017ee krom\u011b holek z Ostravy, jsme mohli vid\u011bt i holky z Fren\u0161t\u00e1tu, Prost\u011bjova a T\u0159ince.<br>N\u00e1\u0161 odd\u00edl m\u011bl zastoupen\u00ed ve v\u0161ech kategori\u00edch.&nbsp;A jak se n\u00e1m vedlo? Uv\u00e1d\u00edme um\u00edst\u011bn\u00ed dru\u017estev a v z\u00e1vorce u jm\u00e9na pak nav\u00edc medailov\u00e9 um\u00edst\u011bn\u00ed v jednotlivkyn\u00edch:<\/p>\n\n\n\n<p><br><strong>Za\u010d\u00ednaj\u00edc\u00ed \u017e\u00e1kyn\u011b A (2018 &#8211; 2016)<\/strong><br>2. m\u00edsto &#8211; \u010c\u00ed\u017eov\u00e1 (3.), Havl\u00ed\u010dkov\u00e1, Lochman<\/p>\n\n\n\n<p><strong>Za\u010d\u00ednaj\u00edc\u00ed \u017e\u00e1kyn\u011b B (2015 a star\u0161\u00ed)<br><\/strong>6. m\u00edsto &#8211; P\u0159e\u010dkov\u00e1, Leinonen a hostuj\u00edc\u00ed Chalach\u00e1nov\u00e1&nbsp;<br><\/p>\n\n\n\n<p><strong>V.liga (2016 &#8211; 2014)<br><\/strong>1. m\u00edsto &#8211; Farn\u00edkov\u00e1 (3.), Marszolkov\u00e1, Such\u00e1 (1.), \u0160ilerov\u00e1 (2.)<br>2. m\u00edsto &#8211; \u00c1ghov\u00e1, Kova\u0159\u010d\u00edkov\u00e1, Kr\u00e1\u010dal\u00edkov\u00e1, Prouzov\u00e1, \u0160perl\u00ednov\u00e1<\/p>\n\n\n\n<p><strong>IV.liga (2016 &#8211; 2011)<\/strong>                                                                                                                                                              1. m\u00edsto &#8211; Klosov\u00e1 (1.), K\u0159i\u017eo\u0161\u010d\u00e1kov\u00e1 (3.), Mlyn\u00e1\u0159ov\u00e1, Ulehlov\u00e1 (2.)<br>2. m\u00edsto &#8211; Li\u0161kov\u00e1, Mat\u00fa\u0161ov\u00e1 a hostuj\u00edc\u00ed St\u0159\u00edbrn\u00e1 a Strnadov\u00e1<\/p>\n\n\n\n<p><strong>III.liga (2016 a star\u0161\u00ed)<\/strong>                                                                                                                                                             1. m\u00edsto &#8211; Friedrichov\u00e1, Hl\u00e1vkov\u00e1, Najdekov\u00e1 (1.), Orliczkov\u00e1<br><\/p>\n\n\n\n<div class=\"wp-block-image\"><figure class=\"aligncenter size-large is-resized\"><a href=\"http:\/\/gkvitkovice.cz\/wp-content\/uploads\/2023\/11\/MP_145.jpg\"><img loading=\"lazy\" src=\"http:\/\/gkvitkovice.cz\/wp-content\/uploads\/2023\/11\/MP_145-1024x682.jpg\" alt=\"\" class=\"wp-image-6002\" width=\"512\" height=\"341\" srcset=\"https:\/\/gkvitkovice.cz\/wp-content\/uploads\/2023\/11\/MP_145-1024x682.jpg 1024w, https:\/\/gkvitkovice.cz\/wp-content\/uploads\/2023\/11\/MP_145-300x200.jpg 300w, https:\/\/gkvitkovice.cz\/wp-content\/uploads\/2023\/11\/MP_145-768x512.jpg 768w, https:\/\/gkvitkovice.cz\/wp-content\/uploads\/2023\/11\/MP_145-1536x1024.jpg 1536w, https:\/\/gkvitkovice.cz\/wp-content\/uploads\/2023\/11\/MP_145.jpg 2000w\" sizes=\"(max-width: 512px) 100vw, 512px\" \/><\/a><\/figure><\/div>\n\n\n\n<p><strong>II.liga (2015 a star\u0161\u00ed)<\/strong>                                                                                                                                                              1. m\u00edsto &#8211; \u010cechov\u00e1, Nykodymov\u00e1, Pape\u017eov\u00e1, \u0160krochov\u00e1 (2.), Vavro\u0161ov\u00e1 (3.)<\/p>\n\n\n\n<p><strong>I.liga (2015 a star\u0161\u00ed)<\/strong>                                                                                                                                                                        2. m\u00edsto &#8211; Chudov\u00e1, Kol\u00e1\u0159ov\u00e1, Kr\u00fdsov\u00e1, Nen\u00ed\u010dkov\u00e1 (3.)<\/p>\n\n\n\n<p>Z\u00e1vodnic\u00edm i tren\u00e9r\u016fm gratulujeme!<\/p>\n\n\n\n<p>Fotky <a href=\"https:\/\/www.rajce.idnes.cz\/gkvitkovice\/album\/mestsky-prebor-podzim-2023\" target=\"_blank\" rel=\"noreferrer noopener\">ZDE<\/a><\/p>\n\n\n\n<p>V\u00fdsledky <a href=\"https:\/\/www.gymfed.cz\/vysledky\/detail\/3008\" target=\"_blank\" rel=\"noreferrer noopener\">ZDE<\/a><\/p>\n\n\n\n<p><em>(Gabriela Hynek)<\/em><\/p>\n\n\n<div class=\"fb-like\" data-href=\"http:\/\/gkvitkovice.cz\/?p=6000\" data-width=\"\" data-layout=\"\" data-action=\"\" data-size=\"\" data-share=\"true\"><\/div>","protected":false},"excerpt":{"rendered":"<p><!-- wp:image {\"align\":\"center\",\"id\":6001,\"width\":512,\"height\":341,\"sizeSlug\":\"large\",\"linkDestination\":\"media\"} --><\/p>\n<div class=\"wp-block-image\">\n<figure class=\"aligncenter size-large is-resized\"><a href=\"http:\/\/gkvitkovice.cz\/wp-content\/uploads\/2023\/11\/MP_110.jpg\"><img loading=\"lazy\" src=\"http:\/\/gkvitkovice.cz\/wp-content\/uploads\/2023\/11\/MP_110-1024x682.jpg\" alt=\"\" class=\"wp-image-6001\" width=\"512\" height=\"341\" srcset=\"https:\/\/gkvitkovice.cz\/wp-content\/uploads\/2023\/11\/MP_110-1024x682.jpg 1024w, https:\/\/gkvitkovice.cz\/wp-content\/uploads\/2023\/11\/MP_110-300x200.jpg 300w, https:\/\/gkvitkovice.cz\/wp-content\/uploads\/2023\/11\/MP_110-768x512.jpg 768w, https:\/\/gkvitkovice.cz\/wp-content\/uploads\/2023\/11\/MP_110-1536x1024.jpg 1536w, https:\/\/gkvitkovice.cz\/wp-content\/uploads\/2023\/11\/MP_110.jpg 2000w\" sizes=\"(max-width: 512px) 100vw, 512px\" \/><\/a><\/figure>\n<\/div>\n<p><!-- \/wp:image --><\/p>\n<p><!-- wp:paragraph --><\/p>\n<p>V ned\u011bli 12. 11. 2023 uspo\u0159\u00e1dala T\u011blov\u00fdchovn\u00e1 jednota VOKD Ostrava &#8211; Poruba p\u0159ebor m\u011bsta Ostravy.<\/p>\n","protected":false},"author":1,"featured_media":0,"comment_status":"closed","ping_status":"open","sticky":false,"template":"","format":"standard","meta":[],"categories":[18],"tags":[],"_links":{"self":[{"href":"https:\/\/gkvitkovice.cz\/index.php?rest_route=\/wp\/v2\/posts\/6000"}],"collection":[{"href":"https:\/\/gkvitkovice.cz\/index.php?rest_route=\/wp\/v2\/posts"}],"about":[{"href":"https:\/\/gkvitkovice.cz\/index.php?rest_route=\/wp\/v2\/types\/post"}],"author":[{"embeddable":true,"href":"https:\/\/gkvitkovice.cz\/index.php?rest_route=\/wp\/v2\/users\/1"}],"replies":[{"embeddable":true,"href":"https:\/\/gkvitkovice.cz\/index.php?rest_route=%2Fwp%2Fv2%2Fcomments&post=6000"}],"version-history":[{"count":2,"href":"https:\/\/gkvitkovice.cz\/index.php?rest_route=\/wp\/v2\/posts\/6000\/revisions"}],"predecessor-version":[{"id":6004,"href":"https:\/\/gkvitkovice.cz\/index.php?rest_route=\/wp\/v2\/posts\/6000\/revisions\/6004"}],"wp:attachment":[{"href":"https:\/\/gkvitkovice.cz\/index.php?rest_route=%2Fwp%2Fv2%2Fmedia&parent=6000"}],"wp:term":[{"taxonomy":"category","embeddable":true,"href":"https:\/\/gkvitkovice.cz\/index.php?rest_route=%2Fwp%2Fv2%2Fcategories&post=6000"},{"taxonomy":"post_tag","embeddable":true,"href":"https:\/\/gkvitkovice.cz\/index.php?rest_route=%2Fwp%2Fv2%2Ftags&post=6000"}],"curies":[{"name":"wp","href":"https:\/\/api.w.org\/{rel}","templated":true}]}}