{"id":6143,"date":"2024-01-09T07:30:42","date_gmt":"2024-01-09T07:30:42","guid":{"rendered":"https:\/\/gkvitkovice.cz\/?p=6143"},"modified":"2024-01-09T07:41:55","modified_gmt":"2024-01-09T07:41:55","slug":"zimni-soustredeni-jeseniky-2-6-1-2024","status":"publish","type":"post","link":"https:\/\/gkvitkovice.cz\/?p=6143","title":{"rendered":"Zimn\u00ed soust\u0159ed\u011bn\u00ed, Jesen\u00edky 2. &#8211; 6. 1. 2024"},"content":{"rendered":"\n<div class=\"wp-block-image\"><figure class=\"aligncenter size-large is-resized\"><a href=\"https:\/\/gkvitkovice.cz\/wp-content\/uploads\/2024\/01\/IMG-20240104-WA0015.jpg\"><img loading=\"lazy\" src=\"https:\/\/gkvitkovice.cz\/wp-content\/uploads\/2024\/01\/IMG-20240104-WA0015-1024x552.jpg\" alt=\"\" class=\"wp-image-6144\" width=\"512\" height=\"276\" srcset=\"https:\/\/gkvitkovice.cz\/wp-content\/uploads\/2024\/01\/IMG-20240104-WA0015-1024x552.jpg 1024w, https:\/\/gkvitkovice.cz\/wp-content\/uploads\/2024\/01\/IMG-20240104-WA0015-300x162.jpg 300w, https:\/\/gkvitkovice.cz\/wp-content\/uploads\/2024\/01\/IMG-20240104-WA0015-768x414.jpg 768w, https:\/\/gkvitkovice.cz\/wp-content\/uploads\/2024\/01\/IMG-20240104-WA0015.jpg 1390w\" sizes=\"(max-width: 512px) 100vw, 512px\" \/><\/a><\/figure><\/div>\n\n\n\n<p>Leto\u0161n\u00ed soust\u0159ed\u011bn\u00ed jsme str\u00e1vily v Hotelu Figura. Ly\u017ea\u0159sk\u00fd v\u00fdcvik jsme zah\u00e1jily opravdu velmi nep\u0159\u00edzniv\u00fdm a na ly\u017eov\u00e1n\u00ed n\u00e1ro\u010dn\u00fdm po\u010das\u00edm. Velk\u00fd v\u00edtr, mlha a d\u00e9\u0161\u0165 n\u00e1s potr\u00e1pily dva dny. Promo\u010den\u00e9 v\u011bci na\u0161t\u011bst\u00ed v\u011bt\u0161inou na druh\u00fd den uschly a holky mohly op\u011bt zdokonalovat sjezdov\u00e9 dovednosti.\u00a0V\u0161echna d\u011bv\u010data se nau\u010dila ly\u017eovat. Za\u010d\u00e1te\u010dnice sjedou kopec v z\u00e1kladn\u00ed form\u011b, a to ve sjezdu pluhem, pokro\u010dilej\u0161\u00ed ly\u017ea\u0159ky p\u0159e\u0161ly k n\u00e1cviku carvingov\u00e9ho oblouku a zastaven\u00ed smykem.\u00a0V p\u00e1tek se Prad\u011bd (1491 m) uk\u00e1zal v cel\u00e9 jeho kr\u00e1se, pot\u011b\u0161il n\u00e1s slunn\u00fdm odpolednem, kter\u00e9 vyu\u017eila skupina mlad\u0161\u00edch d\u011bt\u00ed na b\u011b\u017eka\u0159sk\u00fd v\u00fdstup na nejvy\u0161\u0161\u00ed vrchol Hrub\u00e9ho Jesen\u00edku.\u00a0V\u00edtr a led byl opravdov\u00fd o\u0159\u00ed\u0161ek v nejvy\u0161\u0161\u00ed \u010d\u00e1sti v\u00fdstupu.\u00a0Skupina star\u0161\u00edch d\u011bv\u010dat vyjela na Prad\u011bd p\u0159ed odjezdem dom\u016f. U\u017eily jsme si nejen sn\u011bhu, ale i r\u016fzn\u00fdch podob po\u010das\u00ed po celou dobu soust\u0159ed\u011bn\u00ed.<\/p>\n\n\n\n<div class=\"wp-block-image\"><figure class=\"aligncenter size-large is-resized\"><a href=\"https:\/\/gkvitkovice.cz\/wp-content\/uploads\/2024\/01\/IMG-20240105-WA0014.jpg\"><img loading=\"lazy\" src=\"https:\/\/gkvitkovice.cz\/wp-content\/uploads\/2024\/01\/IMG-20240105-WA0014.jpg\" alt=\"\" class=\"wp-image-6147\" width=\"500\" height=\"376\" srcset=\"https:\/\/gkvitkovice.cz\/wp-content\/uploads\/2024\/01\/IMG-20240105-WA0014.jpg 1000w, https:\/\/gkvitkovice.cz\/wp-content\/uploads\/2024\/01\/IMG-20240105-WA0014-300x225.jpg 300w, https:\/\/gkvitkovice.cz\/wp-content\/uploads\/2024\/01\/IMG-20240105-WA0014-768x577.jpg 768w\" sizes=\"(max-width: 500px) 100vw, 500px\" \/><\/a><\/figure><\/div>\n\n\n\n<p>Fotky <a href=\"https:\/\/www.rajce.idnes.cz\/gkvitkovice\/album\/zvt-jeseniky-2-6-1-2024\">ZDE<\/a><\/p>\n\n\n\n<p><em>(Monika Prutkayov\u00e1)<\/em><\/p>\n","protected":false},"excerpt":{"rendered":"<p><!-- wp:image {\"align\":\"center\",\"id\":6144,\"width\":512,\"height\":276,\"sizeSlug\":\"large\",\"linkDestination\":\"media\"} --><\/p>\n<div class=\"wp-block-image\">\n<figure class=\"aligncenter size-large is-resized\"><a href=\"https:\/\/gkvitkovice.cz\/wp-content\/uploads\/2024\/01\/IMG-20240104-WA0015.jpg\"><img loading=\"lazy\" src=\"https:\/\/gkvitkovice.cz\/wp-content\/uploads\/2024\/01\/IMG-20240104-WA0015-1024x552.jpg\" alt=\"\" class=\"wp-image-6144\" width=\"512\" height=\"276\" srcset=\"https:\/\/gkvitkovice.cz\/wp-content\/uploads\/2024\/01\/IMG-20240104-WA0015-1024x552.jpg 1024w, https:\/\/gkvitkovice.cz\/wp-content\/uploads\/2024\/01\/IMG-20240104-WA0015-300x162.jpg 300w, https:\/\/gkvitkovice.cz\/wp-content\/uploads\/2024\/01\/IMG-20240104-WA0015-768x414.jpg 768w, https:\/\/gkvitkovice.cz\/wp-content\/uploads\/2024\/01\/IMG-20240104-WA0015.jpg 1390w\" sizes=\"(max-width: 512px) 100vw, 512px\" \/><\/a><\/figure>\n<\/div>\n<p><!-- \/wp:image --><\/p>\n<p><!-- wp:paragraph --><\/p>\n<p>Leto\u0161n\u00ed soust\u0159ed\u011bn\u00ed jsme str\u00e1vily v Hotelu Figura.<\/p>\n","protected":false},"author":1,"featured_media":0,"comment_status":"closed","ping_status":"open","sticky":false,"template":"","format":"standard","meta":[],"categories":[19],"tags":[],"_links":{"self":[{"href":"https:\/\/gkvitkovice.cz\/index.php?rest_route=\/wp\/v2\/posts\/6143"}],"collection":[{"href":"https:\/\/gkvitkovice.cz\/index.php?rest_route=\/wp\/v2\/posts"}],"about":[{"href":"https:\/\/gkvitkovice.cz\/index.php?rest_route=\/wp\/v2\/types\/post"}],"author":[{"embeddable":true,"href":"https:\/\/gkvitkovice.cz\/index.php?rest_route=\/wp\/v2\/users\/1"}],"replies":[{"embeddable":true,"href":"https:\/\/gkvitkovice.cz\/index.php?rest_route=%2Fwp%2Fv2%2Fcomments&post=6143"}],"version-history":[{"count":3,"href":"https:\/\/gkvitkovice.cz\/index.php?rest_route=\/wp\/v2\/posts\/6143\/revisions"}],"predecessor-version":[{"id":6148,"href":"https:\/\/gkvitkovice.cz\/index.php?rest_route=\/wp\/v2\/posts\/6143\/revisions\/6148"}],"wp:attachment":[{"href":"https:\/\/gkvitkovice.cz\/index.php?rest_route=%2Fwp%2Fv2%2Fmedia&parent=6143"}],"wp:term":[{"taxonomy":"category","embeddable":true,"href":"https:\/\/gkvitkovice.cz\/index.php?rest_route=%2Fwp%2Fv2%2Fcategories&post=6143"},{"taxonomy":"post_tag","embeddable":true,"href":"https:\/\/gkvitkovice.cz\/index.php?rest_route=%2Fwp%2Fv2%2Ftags&post=6143"}],"curies":[{"name":"wp","href":"https:\/\/api.w.org\/{rel}","templated":true}]}}