{"id":6149,"date":"2024-01-16T15:47:27","date_gmt":"2024-01-16T15:47:27","guid":{"rendered":"https:\/\/gkvitkovice.cz\/?p=6149"},"modified":"2024-01-16T15:47:28","modified_gmt":"2024-01-16T15:47:28","slug":"metodika-a-dopomoc-obtiznejsich-prvku-na-akrobacii-tumble","status":"publish","type":"post","link":"https:\/\/gkvitkovice.cz\/?p=6149","title":{"rendered":"Metodika a dopomoc obt\u00ed\u017en\u011bj\u0161\u00edch prvk\u016f na akrobacii (tumble)"},"content":{"rendered":"\n<div class=\"wp-block-image\"><figure class=\"aligncenter size-large is-resized\"><a href=\"https:\/\/gkvitkovice.cz\/wp-content\/uploads\/2024\/01\/20240106_144010-scaled.jpg\"><img loading=\"lazy\" src=\"https:\/\/gkvitkovice.cz\/wp-content\/uploads\/2024\/01\/20240106_144010-1024x576.jpg\" alt=\"\" class=\"wp-image-6150\" width=\"512\" height=\"288\" srcset=\"https:\/\/gkvitkovice.cz\/wp-content\/uploads\/2024\/01\/20240106_144010-1024x576.jpg 1024w, https:\/\/gkvitkovice.cz\/wp-content\/uploads\/2024\/01\/20240106_144010-300x169.jpg 300w, https:\/\/gkvitkovice.cz\/wp-content\/uploads\/2024\/01\/20240106_144010-768x432.jpg 768w, https:\/\/gkvitkovice.cz\/wp-content\/uploads\/2024\/01\/20240106_144010-1536x864.jpg 1536w, https:\/\/gkvitkovice.cz\/wp-content\/uploads\/2024\/01\/20240106_144010-2048x1152.jpg 2048w\" sizes=\"(max-width: 512px) 100vw, 512px\" \/><\/a><\/figure><\/div>\n\n\n\n<p>Ve dnech 6. &#8211; 7. 1. 2024 prob\u011bhlo v gymnastick\u00e9 hale v Dob\u0159ichovic\u00edch \u00fa\u017easn\u00e9 \u0161kolen\u00ed tren\u00e9r\u016f, kter\u00e9 vedli Michal \u0158\u00ed\u0161sk\u00fd\u00a0(tren\u00e9r n\u00e1rodn\u00ed reprezentace \u010cR a Islandu) a Anna Majerov\u00e1\u00a0(mezin\u00e1rodn\u00ed rozhod\u010d\u00ed, \u010dlenka Technick\u00e9 komise TeamGym \u010cGF). C\u00edlem semin\u00e1\u0159e bylo z\u00edsk\u00e1n\u00ed praktick\u00fdch zku\u0161enost\u00ed v chyt\u00e1n\u00ed obt\u00ed\u017en\u011bj\u0161\u00edch prvk\u016f na tumblu. Chyt\u00e1n\u00ed jsme si mohli v\u0161ichni vyzkou\u0161et na demonstr\u00e1torech, za n\u00e1\u0161 odd\u00edl odjela &#8211; <strong>Nat\u00e1lie Papou\u0161kov\u00e1<\/strong>, <strong>Sofie Hil\u0161erov\u00e1<\/strong>, <strong>Am\u00e9lie \u0160ustalov\u00e1<\/strong> a <strong>Terezie Dobi\u00e1\u0161ov\u00e1<\/strong>.<\/p>\n\n\n\n<p>Moc d\u011bkuji za mo\u017enost \u00fa\u010dastnit se tohoto semin\u00e1\u0159e, bylo to velmi p\u0159\u00ednosn\u00e9 nejen pro m\u011b, ale ur\u010dit\u011b i pro d\u011bv\u010data.\u00a0<\/p>\n\n\n\n<p>Fotky a video <a href=\"https:\/\/www.rajce.idnes.cz\/gkvitkovice\/album\/metodika-dopomoci-leden-2024\" target=\"_blank\" rel=\"noreferrer noopener\">ZDE<\/a><\/p>\n\n\n\n<p><em>Gabriela Hynek (tren\u00e9rka TG dru\u017estva\u00a0 junior A &#8211; GK V\u00edtkovice)<\/em><\/p>\n","protected":false},"excerpt":{"rendered":"<p><!-- wp:image {\"align\":\"center\",\"id\":6150,\"width\":512,\"height\":288,\"sizeSlug\":\"large\",\"linkDestination\":\"media\"} --><\/p>\n<div class=\"wp-block-image\">\n<figure class=\"aligncenter size-large is-resized\"><a href=\"https:\/\/gkvitkovice.cz\/wp-content\/uploads\/2024\/01\/20240106_144010-scaled.jpg\"><img loading=\"lazy\" src=\"https:\/\/gkvitkovice.cz\/wp-content\/uploads\/2024\/01\/20240106_144010-1024x576.jpg\" alt=\"\" class=\"wp-image-6150\" width=\"512\" height=\"288\" srcset=\"https:\/\/gkvitkovice.cz\/wp-content\/uploads\/2024\/01\/20240106_144010-1024x576.jpg 1024w, https:\/\/gkvitkovice.cz\/wp-content\/uploads\/2024\/01\/20240106_144010-300x169.jpg 300w, https:\/\/gkvitkovice.cz\/wp-content\/uploads\/2024\/01\/20240106_144010-768x432.jpg 768w, https:\/\/gkvitkovice.cz\/wp-content\/uploads\/2024\/01\/20240106_144010-1536x864.jpg 1536w, https:\/\/gkvitkovice.cz\/wp-content\/uploads\/2024\/01\/20240106_144010-2048x1152.jpg 2048w\" sizes=\"(max-width: 512px) 100vw, 512px\" \/><\/a><\/figure>\n<\/div>\n<p><!-- \/wp:image --><\/p>\n<p><!-- wp:paragraph --><\/p>\n<p>Ve dnech 6. &#8211; 7. 1. 2024 prob\u011bhlo v gymnastick\u00e9 hale v Dob\u0159ichovic\u00edch \u00fa\u017easn\u00e9 \u0161kolen\u00ed tren\u00e9r\u016f, kter\u00e9 vedli Michal \u0158\u00ed\u0161sk\u00fd\u00a0(tren\u00e9r n\u00e1rodn\u00ed reprezentace \u010cR a Islandu) a Anna Majerov\u00e1\u00a0(mezin\u00e1rodn\u00ed rozhod\u010d\u00ed, \u010dlenka Technick\u00e9 komise TeamGym \u010cGF).<\/p>\n","protected":false},"author":1,"featured_media":0,"comment_status":"closed","ping_status":"open","sticky":false,"template":"","format":"standard","meta":[],"categories":[19],"tags":[],"_links":{"self":[{"href":"https:\/\/gkvitkovice.cz\/index.php?rest_route=\/wp\/v2\/posts\/6149"}],"collection":[{"href":"https:\/\/gkvitkovice.cz\/index.php?rest_route=\/wp\/v2\/posts"}],"about":[{"href":"https:\/\/gkvitkovice.cz\/index.php?rest_route=\/wp\/v2\/types\/post"}],"author":[{"embeddable":true,"href":"https:\/\/gkvitkovice.cz\/index.php?rest_route=\/wp\/v2\/users\/1"}],"replies":[{"embeddable":true,"href":"https:\/\/gkvitkovice.cz\/index.php?rest_route=%2Fwp%2Fv2%2Fcomments&post=6149"}],"version-history":[{"count":1,"href":"https:\/\/gkvitkovice.cz\/index.php?rest_route=\/wp\/v2\/posts\/6149\/revisions"}],"predecessor-version":[{"id":6151,"href":"https:\/\/gkvitkovice.cz\/index.php?rest_route=\/wp\/v2\/posts\/6149\/revisions\/6151"}],"wp:attachment":[{"href":"https:\/\/gkvitkovice.cz\/index.php?rest_route=%2Fwp%2Fv2%2Fmedia&parent=6149"}],"wp:term":[{"taxonomy":"category","embeddable":true,"href":"https:\/\/gkvitkovice.cz\/index.php?rest_route=%2Fwp%2Fv2%2Fcategories&post=6149"},{"taxonomy":"post_tag","embeddable":true,"href":"https:\/\/gkvitkovice.cz\/index.php?rest_route=%2Fwp%2Fv2%2Ftags&post=6149"}],"curies":[{"name":"wp","href":"https:\/\/api.w.org\/{rel}","templated":true}]}}