{"id":6159,"date":"2024-02-02T09:29:55","date_gmt":"2024-02-02T09:29:55","guid":{"rendered":"https:\/\/gkvitkovice.cz\/?p=6159"},"modified":"2024-02-02T17:25:35","modified_gmt":"2024-02-02T17:25:35","slug":"novorocni-pohar-2024","status":"publish","type":"post","link":"https:\/\/gkvitkovice.cz\/?p=6159","title":{"rendered":"Novoro\u010dn\u00ed poh\u00e1r 2024"},"content":{"rendered":"\n<div class=\"wp-block-image\"><figure class=\"aligncenter size-large is-resized\"><a href=\"https:\/\/gkvitkovice.cz\/wp-content\/uploads\/2024\/02\/A7400685.jpg\"><img loading=\"lazy\" src=\"https:\/\/gkvitkovice.cz\/wp-content\/uploads\/2024\/02\/A7400685-1024x682.jpg\" alt=\"\" class=\"wp-image-6160\" width=\"512\" height=\"341\" srcset=\"https:\/\/gkvitkovice.cz\/wp-content\/uploads\/2024\/02\/A7400685-1024x682.jpg 1024w, https:\/\/gkvitkovice.cz\/wp-content\/uploads\/2024\/02\/A7400685-300x200.jpg 300w, https:\/\/gkvitkovice.cz\/wp-content\/uploads\/2024\/02\/A7400685-768x512.jpg 768w, https:\/\/gkvitkovice.cz\/wp-content\/uploads\/2024\/02\/A7400685-1536x1024.jpg 1536w, https:\/\/gkvitkovice.cz\/wp-content\/uploads\/2024\/02\/A7400685.jpg 2000w\" sizes=\"(max-width: 512px) 100vw, 512px\" \/><\/a><\/figure><\/div>\n\n\n<p>20. ledna uspo\u0159\u00e1dal odd\u00edl TJ Fren\u0161t\u00e1t pod Radho\u0161t\u011bm kr\u00e1sn\u00fd z\u00e1vod, kter\u00e9ho se \u00fa\u010dastnilo sedm z\u00e1vodnic na\u0161eho odd\u00edlu.<\/p>\n<p>D\u011bv\u010data si zaz\u00e1vodila v cel\u00e9m \u010dty\u0159boji. Nejl\u00e9pe si vedla <strong>Vivien Farn\u00edkov\u00e1<\/strong>, kter\u00e1 v V. lize vybojovala zlatou medaili. Ve stejn\u00e9 kategorii startovala i Julie <strong>Marszolkov\u00e1<\/strong> (5. m\u00edsto), <strong>Zara \u00c1ghov\u00e1<\/strong> (16. m\u00edsto) a<strong> Marie Je\u017ekov\u00e1<\/strong> (18. m\u00edsto). V kategorii VS4B pro ro\u010dn\u00edky narozen\u00ed 2012-2013 dos\u00e1hla <strong>Lucie Li\u0161kov\u00e1<\/strong> na bronz. Ve stejn\u00e9 kategorii, ale pro ro\u010dn\u00edky 2011 skon\u010dila <strong>Krist\u00fdna \u0160krochov\u00e1<\/strong>\u00a0na 5. m\u00edst\u011b, stejn\u011b jako v \u017een\u00e1ch <strong>Nat\u00e1lie Najdekov\u00e1<\/strong>.<\/p>\n<p>V\u0161em d\u011bv\u010dat\u016fm gratulujeme ke kr\u00e1sn\u00fdm v\u00fdsledk\u016fm a panu Teichmanovi moc d\u011bkujeme za foto dokumentaci cel\u00e9ho z\u00e1vodu.<\/p>\n<p>Fotky <a href=\"https:\/\/www.rajce.idnes.cz\/gkvitkovice\/album\/novorocni-pohar-leden-2024\">ZDE<\/a><\/p>\n<p><em>(Gabriela Hynek)<\/em><\/p>","protected":false},"excerpt":{"rendered":"<p><!-- wp:image {\"align\":\"center\",\"id\":6160,\"width\":512,\"height\":341,\"sizeSlug\":\"large\",\"linkDestination\":\"media\"} --><\/p>\n<div class=\"wp-block-image\">\n<figure class=\"aligncenter size-large is-resized\"><a href=\"https:\/\/gkvitkovice.cz\/wp-content\/uploads\/2024\/02\/A7400685.jpg\"><img loading=\"lazy\" src=\"https:\/\/gkvitkovice.cz\/wp-content\/uploads\/2024\/02\/A7400685-1024x682.jpg\" alt=\"\" class=\"wp-image-6160\" width=\"512\" height=\"341\" srcset=\"https:\/\/gkvitkovice.cz\/wp-content\/uploads\/2024\/02\/A7400685-1024x682.jpg 1024w, https:\/\/gkvitkovice.cz\/wp-content\/uploads\/2024\/02\/A7400685-300x200.jpg 300w, https:\/\/gkvitkovice.cz\/wp-content\/uploads\/2024\/02\/A7400685-768x512.jpg 768w, https:\/\/gkvitkovice.cz\/wp-content\/uploads\/2024\/02\/A7400685-1536x1024.jpg 1536w, https:\/\/gkvitkovice.cz\/wp-content\/uploads\/2024\/02\/A7400685.jpg 2000w\" sizes=\"(max-width: 512px) 100vw, 512px\" \/><\/a><\/figure>\n<\/div>\n<p><!-- \/wp:image --><\/p>\n<p>20. ledna uspo\u0159\u00e1dal odd\u00edl TJ Fren\u0161t\u00e1t pod Radho\u0161t\u011bm kr\u00e1sn\u00fd z\u00e1vod, kter\u00e9ho se \u00fa\u010dastnilo sedm z\u00e1vodnic na\u0161eho odd\u00edlu.<\/p>\n","protected":false},"author":1,"featured_media":0,"comment_status":"closed","ping_status":"open","sticky":false,"template":"","format":"standard","meta":[],"categories":[19],"tags":[],"_links":{"self":[{"href":"https:\/\/gkvitkovice.cz\/index.php?rest_route=\/wp\/v2\/posts\/6159"}],"collection":[{"href":"https:\/\/gkvitkovice.cz\/index.php?rest_route=\/wp\/v2\/posts"}],"about":[{"href":"https:\/\/gkvitkovice.cz\/index.php?rest_route=\/wp\/v2\/types\/post"}],"author":[{"embeddable":true,"href":"https:\/\/gkvitkovice.cz\/index.php?rest_route=\/wp\/v2\/users\/1"}],"replies":[{"embeddable":true,"href":"https:\/\/gkvitkovice.cz\/index.php?rest_route=%2Fwp%2Fv2%2Fcomments&post=6159"}],"version-history":[{"count":2,"href":"https:\/\/gkvitkovice.cz\/index.php?rest_route=\/wp\/v2\/posts\/6159\/revisions"}],"predecessor-version":[{"id":6162,"href":"https:\/\/gkvitkovice.cz\/index.php?rest_route=\/wp\/v2\/posts\/6159\/revisions\/6162"}],"wp:attachment":[{"href":"https:\/\/gkvitkovice.cz\/index.php?rest_route=%2Fwp%2Fv2%2Fmedia&parent=6159"}],"wp:term":[{"taxonomy":"category","embeddable":true,"href":"https:\/\/gkvitkovice.cz\/index.php?rest_route=%2Fwp%2Fv2%2Fcategories&post=6159"},{"taxonomy":"post_tag","embeddable":true,"href":"https:\/\/gkvitkovice.cz\/index.php?rest_route=%2Fwp%2Fv2%2Ftags&post=6159"}],"curies":[{"name":"wp","href":"https:\/\/api.w.org\/{rel}","templated":true}]}}