{"id":6276,"date":"2024-03-25T14:19:02","date_gmt":"2024-03-25T14:19:02","guid":{"rendered":"https:\/\/gkvitkovice.cz\/?p=6276"},"modified":"2024-03-25T14:19:02","modified_gmt":"2024-03-25T14:19:02","slug":"memorial-milose-bortla-2024","status":"publish","type":"post","link":"https:\/\/gkvitkovice.cz\/?p=6276","title":{"rendered":"Memori\u00e1l Milo\u0161e Bortla 2024"},"content":{"rendered":"\n<div class=\"wp-block-image\"><figure class=\"aligncenter size-large is-resized\"><a href=\"https:\/\/gkvitkovice.cz\/wp-content\/uploads\/2024\/03\/WhatsApp-Image-2024-03-25-at-1.39.16-PM-1.jpeg\"><img loading=\"lazy\" src=\"https:\/\/gkvitkovice.cz\/wp-content\/uploads\/2024\/03\/WhatsApp-Image-2024-03-25-at-1.39.16-PM-1-770x1024.jpeg\" alt=\"\" class=\"wp-image-6277\" width=\"385\" height=\"512\" srcset=\"https:\/\/gkvitkovice.cz\/wp-content\/uploads\/2024\/03\/WhatsApp-Image-2024-03-25-at-1.39.16-PM-1-770x1024.jpeg 770w, https:\/\/gkvitkovice.cz\/wp-content\/uploads\/2024\/03\/WhatsApp-Image-2024-03-25-at-1.39.16-PM-1-225x300.jpeg 225w, https:\/\/gkvitkovice.cz\/wp-content\/uploads\/2024\/03\/WhatsApp-Image-2024-03-25-at-1.39.16-PM-1-768x1022.jpeg 768w, https:\/\/gkvitkovice.cz\/wp-content\/uploads\/2024\/03\/WhatsApp-Image-2024-03-25-at-1.39.16-PM-1-1154x1536.jpeg 1154w, https:\/\/gkvitkovice.cz\/wp-content\/uploads\/2024\/03\/WhatsApp-Image-2024-03-25-at-1.39.16-PM-1.jpeg 1440w\" sizes=\"(max-width: 385px) 100vw, 385px\" \/><\/a><\/figure><\/div>\n\n\n\n<p>V sobotu 23. b\u0159ezna se na\u0161e gymnastky z\u00fa\u010dastnily 33. ro\u010dn\u00edku z\u00e1vodu Memori\u00e1l Milo\u0161e Bortla ve Vala\u0161sk\u00e9m Mezi\u0159\u00ed\u010d\u00ed.<\/p>\n\n\n\n<p><strong>Krist\u00fdna \u0160krochov\u00e1 <\/strong>vybojovala v kategorii Elite \u2013 VS5B 2. m\u00edsto. <strong>Sofie \u010cechov\u00e1<\/strong> se ve stejn\u00e9 kategorii um\u00edstila na 5. m\u00edst\u011b. <\/p>\n\n\n\n<p>V kategorii VS4C z\u00e1vodila <strong>Lucie Li\u0161kov\u00e1<\/strong> a obsadila kr\u00e1sn\u00e9 3. m\u00edsto. <\/p>\n\n\n\n<p>V kategorii nejmlad\u0161\u00edch \u017e\u00e1ky\u0148 n\u00e1m z\u00e1vodily t\u0159i z\u00e1vodnice. <strong>Zara Aghov\u00e1<\/strong>, kter\u00e1 se um\u00edstila na 15. m\u00edst\u011b, <strong>Marika \u0160perl\u00ednov\u00e1 <\/strong>na 18. m\u00edst\u011b a <strong>Marie Anna Je\u017ekov\u00e1<\/strong> na 24. m\u00edst\u011b.<\/p>\n\n\n\n<p><br>V\u0161em d\u011bv\u010dat\u016fm moc gratulujeme ke kr\u00e1sn\u00fdm v\u00fdsledk\u016fm.<\/p>\n\n\n\n<p>V\u00fdsledky <a href=\"https:\/\/www.gymfed.cz\/vysledky\/detail\/3064\" target=\"_blank\" rel=\"noreferrer noopener\">ZDE<\/a><\/p>\n\n\n\n<p>Fotky <a href=\"https:\/\/www.rajce.idnes.cz\/gkvitkovice\/album\/memorial-milose-bortla-23-3-2024-valasske-mezirici\" target=\"_blank\" rel=\"noreferrer noopener\">ZDE<\/a><\/p>\n\n\n\n<p><em>(Laura Smolecov\u00e1)<\/em><\/p>\n","protected":false},"excerpt":{"rendered":"<p><!-- wp:image {\"align\":\"center\",\"id\":6277,\"width\":385,\"height\":512,\"sizeSlug\":\"large\",\"linkDestination\":\"media\"} --><\/p>\n<div class=\"wp-block-image\">\n<figure class=\"aligncenter size-large is-resized\"><a href=\"https:\/\/gkvitkovice.cz\/wp-content\/uploads\/2024\/03\/WhatsApp-Image-2024-03-25-at-1.39.16-PM-1.jpeg\"><img loading=\"lazy\" src=\"https:\/\/gkvitkovice.cz\/wp-content\/uploads\/2024\/03\/WhatsApp-Image-2024-03-25-at-1.39.16-PM-1-770x1024.jpeg\" alt=\"\" class=\"wp-image-6277\" width=\"385\" height=\"512\" srcset=\"https:\/\/gkvitkovice.cz\/wp-content\/uploads\/2024\/03\/WhatsApp-Image-2024-03-25-at-1.39.16-PM-1-770x1024.jpeg 770w, https:\/\/gkvitkovice.cz\/wp-content\/uploads\/2024\/03\/WhatsApp-Image-2024-03-25-at-1.39.16-PM-1-225x300.jpeg 225w, https:\/\/gkvitkovice.cz\/wp-content\/uploads\/2024\/03\/WhatsApp-Image-2024-03-25-at-1.39.16-PM-1-768x1022.jpeg 768w, https:\/\/gkvitkovice.cz\/wp-content\/uploads\/2024\/03\/WhatsApp-Image-2024-03-25-at-1.39.16-PM-1-1154x1536.jpeg 1154w, https:\/\/gkvitkovice.cz\/wp-content\/uploads\/2024\/03\/WhatsApp-Image-2024-03-25-at-1.39.16-PM-1.jpeg 1440w\" sizes=\"(max-width: 385px) 100vw, 385px\" \/><\/a><\/figure>\n<\/div>\n<p><!-- \/wp:image --><\/p>\n<p><!-- wp:paragraph --><\/p>\n<p>V sobotu 23. b\u0159ezna se na\u0161e gymnastky z\u00fa\u010dastnily 33. ro\u010dn\u00edku z\u00e1vodu Memori\u00e1l Milo\u0161e Bortla ve Vala\u0161sk\u00e9m Mezi\u0159\u00ed\u010d\u00ed.<\/p>\n","protected":false},"author":1,"featured_media":0,"comment_status":"closed","ping_status":"open","sticky":false,"template":"","format":"standard","meta":[],"categories":[19],"tags":[],"_links":{"self":[{"href":"https:\/\/gkvitkovice.cz\/index.php?rest_route=\/wp\/v2\/posts\/6276"}],"collection":[{"href":"https:\/\/gkvitkovice.cz\/index.php?rest_route=\/wp\/v2\/posts"}],"about":[{"href":"https:\/\/gkvitkovice.cz\/index.php?rest_route=\/wp\/v2\/types\/post"}],"author":[{"embeddable":true,"href":"https:\/\/gkvitkovice.cz\/index.php?rest_route=\/wp\/v2\/users\/1"}],"replies":[{"embeddable":true,"href":"https:\/\/gkvitkovice.cz\/index.php?rest_route=%2Fwp%2Fv2%2Fcomments&post=6276"}],"version-history":[{"count":1,"href":"https:\/\/gkvitkovice.cz\/index.php?rest_route=\/wp\/v2\/posts\/6276\/revisions"}],"predecessor-version":[{"id":6278,"href":"https:\/\/gkvitkovice.cz\/index.php?rest_route=\/wp\/v2\/posts\/6276\/revisions\/6278"}],"wp:attachment":[{"href":"https:\/\/gkvitkovice.cz\/index.php?rest_route=%2Fwp%2Fv2%2Fmedia&parent=6276"}],"wp:term":[{"taxonomy":"category","embeddable":true,"href":"https:\/\/gkvitkovice.cz\/index.php?rest_route=%2Fwp%2Fv2%2Fcategories&post=6276"},{"taxonomy":"post_tag","embeddable":true,"href":"https:\/\/gkvitkovice.cz\/index.php?rest_route=%2Fwp%2Fv2%2Ftags&post=6276"}],"curies":[{"name":"wp","href":"https:\/\/api.w.org\/{rel}","templated":true}]}}