{"id":6280,"date":"2024-04-08T09:14:27","date_gmt":"2024-04-08T09:14:27","guid":{"rendered":"https:\/\/gkvitkovice.cz\/?p=6280"},"modified":"2024-04-10T10:11:06","modified_gmt":"2024-04-10T10:11:06","slug":"sgc-mini-cup-2024","status":"publish","type":"post","link":"https:\/\/gkvitkovice.cz\/?p=6280","title":{"rendered":"SGC Mini Cup 2024"},"content":{"rendered":"\n<div class=\"wp-block-image\"><figure class=\"aligncenter size-large is-resized\"><a href=\"https:\/\/gkvitkovice.cz\/wp-content\/uploads\/2024\/04\/IMG_20240406_121341.jpg\"><img loading=\"lazy\" src=\"https:\/\/gkvitkovice.cz\/wp-content\/uploads\/2024\/04\/IMG_20240406_121341-768x1024.jpg\" alt=\"\" class=\"wp-image-6281\" width=\"384\" height=\"512\" srcset=\"https:\/\/gkvitkovice.cz\/wp-content\/uploads\/2024\/04\/IMG_20240406_121341-768x1024.jpg 768w, https:\/\/gkvitkovice.cz\/wp-content\/uploads\/2024\/04\/IMG_20240406_121341-225x300.jpg 225w, https:\/\/gkvitkovice.cz\/wp-content\/uploads\/2024\/04\/IMG_20240406_121341-1152x1536.jpg 1152w, https:\/\/gkvitkovice.cz\/wp-content\/uploads\/2024\/04\/IMG_20240406_121341.jpg 1500w\" sizes=\"(max-width: 384px) 100vw, 384px\" \/><\/a><\/figure><\/div>\n\n\n<p>Sobotn\u00ed dopoledne 6. 4. 2024 pat\u0159ilo na\u0161im nejmlad\u0161\u00edm d\u011bv\u010dat\u016fm, kter\u00e9 se z\u00fa\u010dastnily z\u00e1vodu SGC Mini cup. Pro v\u0161echna d\u011bv\u010data to byl prvn\u00ed z\u00e1vod, kter\u00fd zvl\u00e1dla na jedni\u010dku a odvezla si i cenn\u00e9 kovy.<\/p>\n<p>V kategorii 1A &#8211; mimi, se na 1. m\u00edst\u011b um\u00edstila <strong>Emi\u010dka Such\u00e1<\/strong>, 2. m\u00edsto obsadila<strong> Ad\u00e9lka Prouzov\u00e1<\/strong> a 3. m\u00edsto si vybojovala <strong>Julinka Bern\u00e1tov\u00e1<\/strong>.<\/p>\n<p>V I. kategorii r. 2018 se na 5. m\u00edst\u011b um\u00edstila <strong>Vendulka Krpel\u00edkov\u00e1<\/strong> a 10. m\u00edsto pat\u0159ilo <strong>Gizelce Ho\u0161kov\u00e9<\/strong>.<\/p>\n<p>V II. kategorii r. 2017 n\u00e1m z\u00e1vodila <strong>Nat\u00e1lka Rybov\u00e1<\/strong>, kter\u00e1 si mezi zku\u0161en\u011bj\u0161\u00edmi z\u00e1vodnicemi vybojovala 6. m\u00edsto.<\/p>\n<p>V\u0161em d\u011bv\u010dat\u016fm moc gratulujeme ke kr\u00e1sn\u00fdm v\u00fdsledk\u016fm a dr\u017e\u00edme p\u011bsti v dal\u0161\u00edch z\u00e1vodech.<\/p>\n<p>V\u00fdsledky <a href=\"https:\/\/www.gymfed.cz\/vysledky\/detail\/3186\">ZDE<\/a><\/p>\n<p>Fotky <a href=\"https:\/\/www.rajce.idnes.cz\/gkvitkovice\/album\/sgc-mini-cup-ostrava-6-4-2024\">ZDE<\/a><\/p>\n<p><em>(Nikola Mlyn\u00e1\u0159ov\u00e1)<\/em><\/p>","protected":false},"excerpt":{"rendered":"<p><!-- wp:image {\"align\":\"center\",\"id\":6281,\"width\":384,\"height\":512,\"sizeSlug\":\"large\",\"linkDestination\":\"media\"} --><\/p>\n<div class=\"wp-block-image\">\n<figure class=\"aligncenter size-large is-resized\"><a href=\"https:\/\/gkvitkovice.cz\/wp-content\/uploads\/2024\/04\/IMG_20240406_121341.jpg\"><img loading=\"lazy\" src=\"https:\/\/gkvitkovice.cz\/wp-content\/uploads\/2024\/04\/IMG_20240406_121341-768x1024.jpg\" alt=\"\" class=\"wp-image-6281\" width=\"384\" height=\"512\" srcset=\"https:\/\/gkvitkovice.cz\/wp-content\/uploads\/2024\/04\/IMG_20240406_121341-768x1024.jpg 768w, https:\/\/gkvitkovice.cz\/wp-content\/uploads\/2024\/04\/IMG_20240406_121341-225x300.jpg 225w, https:\/\/gkvitkovice.cz\/wp-content\/uploads\/2024\/04\/IMG_20240406_121341-1152x1536.jpg 1152w, https:\/\/gkvitkovice.cz\/wp-content\/uploads\/2024\/04\/IMG_20240406_121341.jpg 1500w\" sizes=\"(max-width: 384px) 100vw, 384px\" \/><\/a><\/figure>\n<\/div>\n<p><!-- \/wp:image --><\/p>\n<p>Sobotn\u00ed dopoledne 6. 4. 2024 pat\u0159ilo na\u0161im nejmlad\u0161\u00edm d\u011bv\u010dat\u016fm, kter\u00e9 se z\u00fa\u010dastnily z\u00e1vodu SGC Mini cup.<\/p>\n","protected":false},"author":1,"featured_media":0,"comment_status":"closed","ping_status":"open","sticky":false,"template":"","format":"standard","meta":[],"categories":[19],"tags":[],"_links":{"self":[{"href":"https:\/\/gkvitkovice.cz\/index.php?rest_route=\/wp\/v2\/posts\/6280"}],"collection":[{"href":"https:\/\/gkvitkovice.cz\/index.php?rest_route=\/wp\/v2\/posts"}],"about":[{"href":"https:\/\/gkvitkovice.cz\/index.php?rest_route=\/wp\/v2\/types\/post"}],"author":[{"embeddable":true,"href":"https:\/\/gkvitkovice.cz\/index.php?rest_route=\/wp\/v2\/users\/1"}],"replies":[{"embeddable":true,"href":"https:\/\/gkvitkovice.cz\/index.php?rest_route=%2Fwp%2Fv2%2Fcomments&post=6280"}],"version-history":[{"count":2,"href":"https:\/\/gkvitkovice.cz\/index.php?rest_route=\/wp\/v2\/posts\/6280\/revisions"}],"predecessor-version":[{"id":6289,"href":"https:\/\/gkvitkovice.cz\/index.php?rest_route=\/wp\/v2\/posts\/6280\/revisions\/6289"}],"wp:attachment":[{"href":"https:\/\/gkvitkovice.cz\/index.php?rest_route=%2Fwp%2Fv2%2Fmedia&parent=6280"}],"wp:term":[{"taxonomy":"category","embeddable":true,"href":"https:\/\/gkvitkovice.cz\/index.php?rest_route=%2Fwp%2Fv2%2Fcategories&post=6280"},{"taxonomy":"post_tag","embeddable":true,"href":"https:\/\/gkvitkovice.cz\/index.php?rest_route=%2Fwp%2Fv2%2Ftags&post=6280"}],"curies":[{"name":"wp","href":"https:\/\/api.w.org\/{rel}","templated":true}]}}