{"id":6283,"date":"2024-04-08T12:40:25","date_gmt":"2024-04-08T12:40:25","guid":{"rendered":"https:\/\/gkvitkovice.cz\/?p=6283"},"modified":"2024-04-08T12:40:26","modified_gmt":"2024-04-08T12:40:26","slug":"memorial-jiriho-junka-2024","status":"publish","type":"post","link":"https:\/\/gkvitkovice.cz\/?p=6283","title":{"rendered":"Memori\u00e1l Ji\u0159\u00edho Junka 2024"},"content":{"rendered":"\n<div class=\"wp-block-image\"><figure class=\"aligncenter size-large is-resized\"><a href=\"https:\/\/gkvitkovice.cz\/wp-content\/uploads\/2024\/04\/IMG-20240408-WA0000.jpg\"><img loading=\"lazy\" src=\"https:\/\/gkvitkovice.cz\/wp-content\/uploads\/2024\/04\/IMG-20240408-WA0000-768x1024.jpg\" alt=\"\" class=\"wp-image-6285\" width=\"384\" height=\"512\" srcset=\"https:\/\/gkvitkovice.cz\/wp-content\/uploads\/2024\/04\/IMG-20240408-WA0000-768x1024.jpg 768w, https:\/\/gkvitkovice.cz\/wp-content\/uploads\/2024\/04\/IMG-20240408-WA0000-225x300.jpg 225w, https:\/\/gkvitkovice.cz\/wp-content\/uploads\/2024\/04\/IMG-20240408-WA0000-1152x1536.jpg 1152w, https:\/\/gkvitkovice.cz\/wp-content\/uploads\/2024\/04\/IMG-20240408-WA0000.jpg 1500w\" sizes=\"(max-width: 384px) 100vw, 384px\" \/><\/a><\/figure><\/div>\n\n\n\n<p>V\u00edtkovick\u00e9 z\u00e1vodnice se z\u00fa\u010dastnily v ned\u011bli 7. 4. 2024 hezk\u00e9ho z\u00e1vodu ve Vset\u00edn\u011b. P\u0159edvedly se v\u0161echny s velmi p\u011bkn\u00fdmi v\u00fdkony v cel\u00e9m \u010dty\u0159boji.<\/p>\n\n\n\n<p><br>V\u00fdsledky:<\/p>\n\n\n\n<p>1. kategorie (2018-2016) &#8211; <strong>Terezka Prouzov\u00e1<\/strong> 1. m\u00edsto, <strong>Bar\u010da Kr\u00e1\u010dal\u00edkov<\/strong>\u00e1 6. m\u00edsto\u00a0<\/p>\n\n\n\n<p>2. kategorie (2015-2014) &#8211; <strong>Ag\u00e1tka Klosov\u00e1<\/strong> 2. m\u00edsto, <strong>Ani\u010dka Ulehlov\u00e1<\/strong> 3, m\u00edsto, <strong>Lilianka Such\u00e1<\/strong> 4. m\u00edsto, <strong>Elenka \u0160ilerov\u00e1<\/strong> 5. m\u00edsto\u00a0<\/p>\n\n\n\n<p>3. kategorie (2013-2012) &#8211; <strong>S\u00e1rka K\u0159i\u017eo\u0161\u010dakov\u00e1<\/strong> 3. m\u00edsto, <strong>Lili Mlyn\u00e1\u0159ov\u00e1<\/strong> 4. m\u00edsto<\/p>\n\n\n\n<div class=\"wp-block-image\"><figure class=\"aligncenter size-large is-resized\"><a href=\"https:\/\/gkvitkovice.cz\/wp-content\/uploads\/2024\/04\/IMG-20240408-WA0002.jpg\"><img loading=\"lazy\" src=\"https:\/\/gkvitkovice.cz\/wp-content\/uploads\/2024\/04\/IMG-20240408-WA0002-768x1024.jpg\" alt=\"\" class=\"wp-image-6286\" width=\"384\" height=\"512\" srcset=\"https:\/\/gkvitkovice.cz\/wp-content\/uploads\/2024\/04\/IMG-20240408-WA0002-768x1024.jpg 768w, https:\/\/gkvitkovice.cz\/wp-content\/uploads\/2024\/04\/IMG-20240408-WA0002-225x300.jpg 225w, https:\/\/gkvitkovice.cz\/wp-content\/uploads\/2024\/04\/IMG-20240408-WA0002-1152x1536.jpg 1152w, https:\/\/gkvitkovice.cz\/wp-content\/uploads\/2024\/04\/IMG-20240408-WA0002.jpg 1500w\" sizes=\"(max-width: 384px) 100vw, 384px\" \/><\/a><\/figure><\/div>\n\n\n\n<p><br>Gratulujeme!<\/p>\n\n\n\n<p>Fotky <a href=\"https:\/\/www.rajce.idnes.cz\/gkvitkovice\/album\/memorial-jiriho-junka-vsetin-7-4-2024\">ZDE<\/a><\/p>\n\n\n\n<p>V\u00fdsledky: <\/p>\n\n\n\n<div class=\"wp-block-file\"><a href=\"https:\/\/gkvitkovice.cz\/wp-content\/uploads\/2024\/04\/MJJ_vysledky_2024.pdf\">MJJ_vysledky_2024<\/a><a href=\"https:\/\/gkvitkovice.cz\/wp-content\/uploads\/2024\/04\/MJJ_vysledky_2024.pdf\" class=\"wp-block-file__button\" download>St\u00e1hnout<\/a><\/div>\n\n\n\n<p><em>(Monika Prutkayov\u00e1)<\/em><\/p>\n","protected":false},"excerpt":{"rendered":"<p><!-- wp:image {\"align\":\"center\",\"id\":6285,\"width\":384,\"height\":512,\"sizeSlug\":\"large\",\"linkDestination\":\"media\"} --><\/p>\n<div class=\"wp-block-image\">\n<figure class=\"aligncenter size-large is-resized\"><a href=\"https:\/\/gkvitkovice.cz\/wp-content\/uploads\/2024\/04\/IMG-20240408-WA0000.jpg\"><img loading=\"lazy\" src=\"https:\/\/gkvitkovice.cz\/wp-content\/uploads\/2024\/04\/IMG-20240408-WA0000-768x1024.jpg\" alt=\"\" class=\"wp-image-6285\" width=\"384\" height=\"512\" srcset=\"https:\/\/gkvitkovice.cz\/wp-content\/uploads\/2024\/04\/IMG-20240408-WA0000-768x1024.jpg 768w, https:\/\/gkvitkovice.cz\/wp-content\/uploads\/2024\/04\/IMG-20240408-WA0000-225x300.jpg 225w, https:\/\/gkvitkovice.cz\/wp-content\/uploads\/2024\/04\/IMG-20240408-WA0000-1152x1536.jpg 1152w, https:\/\/gkvitkovice.cz\/wp-content\/uploads\/2024\/04\/IMG-20240408-WA0000.jpg 1500w\" sizes=\"(max-width: 384px) 100vw, 384px\" \/><\/a><\/figure>\n<\/div>\n<p><!-- \/wp:image --><\/p>\n<p><!-- wp:paragraph --><\/p>\n<p>V\u00edtkovick\u00e9 z\u00e1vodnice se z\u00fa\u010dastnily v ned\u011bli 7. 4. 2024 hezk\u00e9ho z\u00e1vodu ve Vset\u00edn\u011b. <\/p>\n","protected":false},"author":1,"featured_media":0,"comment_status":"closed","ping_status":"open","sticky":false,"template":"","format":"standard","meta":[],"categories":[19],"tags":[],"_links":{"self":[{"href":"https:\/\/gkvitkovice.cz\/index.php?rest_route=\/wp\/v2\/posts\/6283"}],"collection":[{"href":"https:\/\/gkvitkovice.cz\/index.php?rest_route=\/wp\/v2\/posts"}],"about":[{"href":"https:\/\/gkvitkovice.cz\/index.php?rest_route=\/wp\/v2\/types\/post"}],"author":[{"embeddable":true,"href":"https:\/\/gkvitkovice.cz\/index.php?rest_route=\/wp\/v2\/users\/1"}],"replies":[{"embeddable":true,"href":"https:\/\/gkvitkovice.cz\/index.php?rest_route=%2Fwp%2Fv2%2Fcomments&post=6283"}],"version-history":[{"count":1,"href":"https:\/\/gkvitkovice.cz\/index.php?rest_route=\/wp\/v2\/posts\/6283\/revisions"}],"predecessor-version":[{"id":6287,"href":"https:\/\/gkvitkovice.cz\/index.php?rest_route=\/wp\/v2\/posts\/6283\/revisions\/6287"}],"wp:attachment":[{"href":"https:\/\/gkvitkovice.cz\/index.php?rest_route=%2Fwp%2Fv2%2Fmedia&parent=6283"}],"wp:term":[{"taxonomy":"category","embeddable":true,"href":"https:\/\/gkvitkovice.cz\/index.php?rest_route=%2Fwp%2Fv2%2Fcategories&post=6283"},{"taxonomy":"post_tag","embeddable":true,"href":"https:\/\/gkvitkovice.cz\/index.php?rest_route=%2Fwp%2Fv2%2Ftags&post=6283"}],"curies":[{"name":"wp","href":"https:\/\/api.w.org\/{rel}","templated":true}]}}