{"id":6294,"date":"2024-04-16T07:10:13","date_gmt":"2024-04-16T07:10:13","guid":{"rendered":"https:\/\/gkvitkovice.cz\/?p=6294"},"modified":"2024-04-16T07:10:14","modified_gmt":"2024-04-16T07:10:14","slug":"1-zavod-ceskeho-poharu-teamgym-2024","status":"publish","type":"post","link":"https:\/\/gkvitkovice.cz\/?p=6294","title":{"rendered":"1. z\u00e1vod \u010cesk\u00e9ho poh\u00e1ru &#8211; TeamGym 2024"},"content":{"rendered":"\n<div class=\"wp-block-image\"><figure class=\"aligncenter size-large is-resized\"><a href=\"https:\/\/gkvitkovice.cz\/wp-content\/uploads\/2024\/04\/12_CP-Trebic_31-scaled.jpg\"><img loading=\"lazy\" src=\"https:\/\/gkvitkovice.cz\/wp-content\/uploads\/2024\/04\/12_CP-Trebic_31-1024x683.jpg\" alt=\"\" class=\"wp-image-6295\" width=\"512\" height=\"342\" srcset=\"https:\/\/gkvitkovice.cz\/wp-content\/uploads\/2024\/04\/12_CP-Trebic_31-1024x683.jpg 1024w, https:\/\/gkvitkovice.cz\/wp-content\/uploads\/2024\/04\/12_CP-Trebic_31-300x200.jpg 300w, https:\/\/gkvitkovice.cz\/wp-content\/uploads\/2024\/04\/12_CP-Trebic_31-768x512.jpg 768w, https:\/\/gkvitkovice.cz\/wp-content\/uploads\/2024\/04\/12_CP-Trebic_31-1536x1024.jpg 1536w, https:\/\/gkvitkovice.cz\/wp-content\/uploads\/2024\/04\/12_CP-Trebic_31-2048x1365.jpg 2048w\" sizes=\"(max-width: 512px) 100vw, 512px\" \/><\/a><\/figure><\/div>\n\n\n\n<p>13. 4. 2024 jsme v T\u0159eb\u00ed\u010di zah\u00e1jili souboj o cenn\u00e9 body do \u010cesk\u00e9ho poh\u00e1ru 2024. Na\u0161e dru\u017estvo junior A odjelo obhajovat\u00a0 lo\u0148sk\u00e9 prvenstv\u00ed a holky za\u010daly opravdu skv\u011ble, hned prvn\u00ed z\u00e1vod vyhr\u00e1ly! Na druh\u00e9m m\u00edst\u011b se um\u00edstil t\u00fdm TVT Motion a t\u0159et\u00ed P\u0159\u00edbram. Doufejme, \u017ee i v dal\u0161\u00edm z\u00e1vodu, kter\u00fd se bude konat ji\u017e za 14 dn\u00ed, si povedou stejn\u011b dob\u0159e, proto\u017ee st\u00e1le je co zlep\u0161ovat, ale stejn\u011b tak nen\u00ed t\u011b\u017ek\u00e9 n\u011bco pokazit. Holky velmi zvedly \u00farove\u0148 &#8211; na tumblu p\u0159idaly dvojn\u00e1 salta, \u010dtvern\u00e9 vruty vzad, trojn\u00e9 vruty vp\u0159ed. Trampol\u00ednu s Cukaharami, dvojn\u00fdmi salty s p\u016fl obratem skr\u010dmo i schylmo. Ale hlavn\u011b zaz\u00e1\u0159ily v nov\u00e9 p\u00f3diov\u00e9 skladb\u011b, kter\u00e1 sklidila velk\u00fd \u00fasp\u011bch a \u00fapln\u011b nejvy\u0161\u0161\u00ed zn\u00e1mku cel\u00e9ho z\u00e1vodu.<\/p>\n\n\n\n<p><br>Moc gratuluji k opravdu kr\u00e1sn\u00e9mu v\u00fdkonu a ne\u010dekan\u00e9mu um\u00edst\u011bn\u00ed. Holky: <strong>Terka Dobi\u00e1\u0161ov\u00e1<\/strong>, <strong>Luci G\u0159e\u0161ov\u00e1<\/strong>, <strong>Sofi a Vivi<\/strong> <strong>Hil\u0161erov\u00e9<\/strong>, <strong>Klaudi Hynek<\/strong>, <strong>Rozi O\u017eanov\u00e1<\/strong>,<strong> Natka Papou\u0161kov\u00e1<\/strong>, <strong>Ami \u0160ustalov\u00e1<\/strong>&#8230; jste opravdu skv\u011bl\u00e9!!! Cen\u00edm si nejen v\u00fdsledku, ale p\u0159edev\u0161\u00edm toho, co v\u0161echno nov\u00e9ho jste stihly od podzimu natr\u00e9novat.<\/p>\n\n\n\n<p>P\u0159ed \u00e1\u010dkama se p\u0159edvedly junior I. Na\u0161e <strong>Juli Marszolkov\u00e1<\/strong> a <strong>Vivi Farn\u00edkov\u00e1 <\/strong>se poprv\u00e9 z\u00fa\u010dastnily tak velk\u00e9ho z\u00e1vodu. V\u016fbec si nevedly \u0161patn\u011b a ve velk\u00e9 konkurenci z\u016fstaly na kr\u00e1sn\u00e9m 4. m\u00edst\u011b. Junior I odjely ve velk\u00e9m oslaben\u00ed. Nejv\u011bt\u0161\u00ed posily t\u00fdmu zastihla nemoc a nastoupit musely n\u00e1hradnice. Nicm\u00e9n\u011b i tak bojovaly a vyplatilo se. I tento t\u00fdm z\u00edskal prvn\u00ed body \u010cesk\u00e9ho poh\u00e1ru.<\/p>\n\n\n\n<p><br>Nejh\u016f\u0159e dopadl t\u00fdm junior II. Bohu\u017eel na holky za\u00fato\u010dily nejen nemoci, ale i zran\u011bn\u00ed a z p\u016fvodn\u00edch dev\u00edti z\u00e1vodnic zbylo najednou p\u011bt. Vzhledem k tomu, \u017ee se t\u00fdm mus\u00ed skl\u00e1dat z minim\u00e1ln\u011b \u0161esti z\u00e1vodnic jsme byli nuceni na posledn\u00ed chv\u00edli zru\u0161it jejich \u00fa\u010dast. Moc n\u00e1s to mrz\u00ed, ale i tom je teamgym, nen\u00ed to individu\u00e1ln\u00ed sport, prost\u011b je pot\u0159eba m\u00edt t\u00fdm \ud83d\ude41<\/p>\n\n\n\n<p>Fotky <a href=\"https:\/\/www.rajce.idnes.cz\/gkvitkovice\/album\/tg-trebic-zavod-ceskeho-poharu-13-4-2024\">ZDE<\/a><\/p>\n\n\n\n<p><em>(Gabriela Hynek)<\/em><\/p>\n\n\n\n<p><\/p>\n","protected":false},"excerpt":{"rendered":"<p><!-- wp:image {\"align\":\"center\",\"id\":6295,\"width\":512,\"height\":342,\"sizeSlug\":\"large\",\"linkDestination\":\"media\"} --><\/p>\n<div class=\"wp-block-image\">\n<figure class=\"aligncenter size-large is-resized\"><a href=\"https:\/\/gkvitkovice.cz\/wp-content\/uploads\/2024\/04\/12_CP-Trebic_31-scaled.jpg\"><img loading=\"lazy\" src=\"https:\/\/gkvitkovice.cz\/wp-content\/uploads\/2024\/04\/12_CP-Trebic_31-1024x683.jpg\" alt=\"\" class=\"wp-image-6295\" width=\"512\" height=\"342\" srcset=\"https:\/\/gkvitkovice.cz\/wp-content\/uploads\/2024\/04\/12_CP-Trebic_31-1024x683.jpg 1024w, https:\/\/gkvitkovice.cz\/wp-content\/uploads\/2024\/04\/12_CP-Trebic_31-300x200.jpg 300w, https:\/\/gkvitkovice.cz\/wp-content\/uploads\/2024\/04\/12_CP-Trebic_31-768x512.jpg 768w, https:\/\/gkvitkovice.cz\/wp-content\/uploads\/2024\/04\/12_CP-Trebic_31-1536x1024.jpg 1536w, https:\/\/gkvitkovice.cz\/wp-content\/uploads\/2024\/04\/12_CP-Trebic_31-2048x1365.jpg 2048w\" sizes=\"(max-width: 512px) 100vw, 512px\" \/><\/a><\/figure>\n<\/div>\n<p><!-- \/wp:image --><\/p>\n<p><!-- wp:paragraph --><\/p>\n<p>13. 4. 2024 jsme v T\u0159eb\u00ed\u010di zah\u00e1jili souboj o cenn\u00e9 body do \u010cesk\u00e9ho poh\u00e1ru 2024. <\/p>\n","protected":false},"author":1,"featured_media":0,"comment_status":"closed","ping_status":"open","sticky":false,"template":"","format":"standard","meta":[],"categories":[19],"tags":[],"_links":{"self":[{"href":"https:\/\/gkvitkovice.cz\/index.php?rest_route=\/wp\/v2\/posts\/6294"}],"collection":[{"href":"https:\/\/gkvitkovice.cz\/index.php?rest_route=\/wp\/v2\/posts"}],"about":[{"href":"https:\/\/gkvitkovice.cz\/index.php?rest_route=\/wp\/v2\/types\/post"}],"author":[{"embeddable":true,"href":"https:\/\/gkvitkovice.cz\/index.php?rest_route=\/wp\/v2\/users\/1"}],"replies":[{"embeddable":true,"href":"https:\/\/gkvitkovice.cz\/index.php?rest_route=%2Fwp%2Fv2%2Fcomments&post=6294"}],"version-history":[{"count":1,"href":"https:\/\/gkvitkovice.cz\/index.php?rest_route=\/wp\/v2\/posts\/6294\/revisions"}],"predecessor-version":[{"id":6296,"href":"https:\/\/gkvitkovice.cz\/index.php?rest_route=\/wp\/v2\/posts\/6294\/revisions\/6296"}],"wp:attachment":[{"href":"https:\/\/gkvitkovice.cz\/index.php?rest_route=%2Fwp%2Fv2%2Fmedia&parent=6294"}],"wp:term":[{"taxonomy":"category","embeddable":true,"href":"https:\/\/gkvitkovice.cz\/index.php?rest_route=%2Fwp%2Fv2%2Fcategories&post=6294"},{"taxonomy":"post_tag","embeddable":true,"href":"https:\/\/gkvitkovice.cz\/index.php?rest_route=%2Fwp%2Fv2%2Ftags&post=6294"}],"curies":[{"name":"wp","href":"https:\/\/api.w.org\/{rel}","templated":true}]}}