{"id":6306,"date":"2024-04-19T08:11:53","date_gmt":"2024-04-19T08:11:53","guid":{"rendered":"https:\/\/gkvitkovice.cz\/?p=6306"},"modified":"2024-04-19T08:11:53","modified_gmt":"2024-04-19T08:11:53","slug":"memorial-evy-bosakove-2024","status":"publish","type":"post","link":"https:\/\/gkvitkovice.cz\/?p=6306","title":{"rendered":"Memori\u00e1l Evy Bos\u00e1kov\u00e9 2024"},"content":{"rendered":"\n<div class=\"wp-block-image\"><figure class=\"aligncenter size-large is-resized\"><a href=\"https:\/\/gkvitkovice.cz\/wp-content\/uploads\/2024\/04\/WhatsApp-Image-2024-04-19-at-07.54.51.jpeg\"><img loading=\"lazy\" src=\"https:\/\/gkvitkovice.cz\/wp-content\/uploads\/2024\/04\/WhatsApp-Image-2024-04-19-at-07.54.51-768x1024.jpeg\" alt=\"\" class=\"wp-image-6307\" width=\"384\" height=\"512\" srcset=\"https:\/\/gkvitkovice.cz\/wp-content\/uploads\/2024\/04\/WhatsApp-Image-2024-04-19-at-07.54.51-768x1024.jpeg 768w, https:\/\/gkvitkovice.cz\/wp-content\/uploads\/2024\/04\/WhatsApp-Image-2024-04-19-at-07.54.51-225x300.jpeg 225w, https:\/\/gkvitkovice.cz\/wp-content\/uploads\/2024\/04\/WhatsApp-Image-2024-04-19-at-07.54.51-1152x1536.jpeg 1152w, https:\/\/gkvitkovice.cz\/wp-content\/uploads\/2024\/04\/WhatsApp-Image-2024-04-19-at-07.54.51.jpeg 1200w\" sizes=\"(max-width: 384px) 100vw, 384px\" \/><\/a><\/figure><\/div>\n\n\n\n<p>V sobotu 13. 4. 2024 se na\u0161e gymnastky z\u00fa\u010dastnily Memori\u00e1lu Evy Bos\u00e1kov\u00e9 v Praze.<\/p>\n\n\n\n<p><br>V kategorii \u017een B z\u00edskala <strong>Aneta Nykodymov\u00e1<\/strong> st\u0159\u00edbrnou medaili. <strong>Michaela Vavro\u0161ov\u00e1<\/strong> obsadila 2. m\u00edsto v kategorii juniorek B, <strong>Krist\u00fdna \u0160krochov\u00e1<\/strong> se um\u00edstila na 6. m\u00edst\u011b a <strong>Kl\u00e1ra Pape\u017eov\u00e1<\/strong> na 12. m\u00edst\u011b ve stejn\u00e9 kategorii. <strong>Lucie Li\u0161kov\u00e1<\/strong> vybojovala 5. m\u00edsto v kategorii \u017e\u00e1ky\u0148 B. Na\u0161imi nejmlad\u0161\u00edmi \u00fa\u010dastnicemi tohoto z\u00e1vodu (poh\u00e1rov\u00e9 Evi\u010dky) byly <strong>Marika \u0160perl\u00ednov\u00e1<\/strong> na 15. m\u00edst\u011b, <strong>Marie Anna Je\u017ekov\u00e1 <\/strong>na 16. m\u00edst\u011b a<strong> Zara \u00c1ghov\u00e1<\/strong> na 20. m\u00edst\u011b.<\/p>\n\n\n\n<p><br>V\u0161em d\u011bv\u010dat\u016fm moc gratulujeme ke kr\u00e1sn\u00fdm v\u00fdsledk\u016fm.<\/p>\n\n\n\n<p>V\u00fdsledky <a href=\"https:\/\/www.gymfed.cz\/vysledky\/detail\/3180\">ZDE<\/a><\/p>\n\n\n\n<p>Fotky <a href=\"https:\/\/www.rajce.idnes.cz\/gkvitkovice\/album\/memorial-evy-bosakove-praha-13-4-2024\">ZDE<\/a><\/p>\n\n\n\n<p><em>(Laura Smolecov\u00e1)<\/em><\/p>\n","protected":false},"excerpt":{"rendered":"<p><!-- wp:image {\"align\":\"center\",\"id\":6307,\"width\":384,\"height\":512,\"sizeSlug\":\"large\",\"linkDestination\":\"media\"} --><\/p>\n<div class=\"wp-block-image\">\n<figure class=\"aligncenter size-large is-resized\"><a href=\"https:\/\/gkvitkovice.cz\/wp-content\/uploads\/2024\/04\/WhatsApp-Image-2024-04-19-at-07.54.51.jpeg\"><img loading=\"lazy\" src=\"https:\/\/gkvitkovice.cz\/wp-content\/uploads\/2024\/04\/WhatsApp-Image-2024-04-19-at-07.54.51-768x1024.jpeg\" alt=\"\" class=\"wp-image-6307\" width=\"384\" height=\"512\" srcset=\"https:\/\/gkvitkovice.cz\/wp-content\/uploads\/2024\/04\/WhatsApp-Image-2024-04-19-at-07.54.51-768x1024.jpeg 768w, https:\/\/gkvitkovice.cz\/wp-content\/uploads\/2024\/04\/WhatsApp-Image-2024-04-19-at-07.54.51-225x300.jpeg 225w, https:\/\/gkvitkovice.cz\/wp-content\/uploads\/2024\/04\/WhatsApp-Image-2024-04-19-at-07.54.51-1152x1536.jpeg 1152w, https:\/\/gkvitkovice.cz\/wp-content\/uploads\/2024\/04\/WhatsApp-Image-2024-04-19-at-07.54.51.jpeg 1200w\" sizes=\"(max-width: 384px) 100vw, 384px\" \/><\/a><\/figure>\n<\/div>\n<p><!-- \/wp:image --><\/p>\n<p><!-- wp:paragraph --><\/p>\n<p>V sobotu 13. 4. 2024 se na\u0161e gymnastky z\u00fa\u010dastnily Memori\u00e1lu Evy Bos\u00e1kov\u00e9 v Praze.<\/p>\n","protected":false},"author":1,"featured_media":0,"comment_status":"closed","ping_status":"open","sticky":false,"template":"","format":"standard","meta":[],"categories":[19],"tags":[],"_links":{"self":[{"href":"https:\/\/gkvitkovice.cz\/index.php?rest_route=\/wp\/v2\/posts\/6306"}],"collection":[{"href":"https:\/\/gkvitkovice.cz\/index.php?rest_route=\/wp\/v2\/posts"}],"about":[{"href":"https:\/\/gkvitkovice.cz\/index.php?rest_route=\/wp\/v2\/types\/post"}],"author":[{"embeddable":true,"href":"https:\/\/gkvitkovice.cz\/index.php?rest_route=\/wp\/v2\/users\/1"}],"replies":[{"embeddable":true,"href":"https:\/\/gkvitkovice.cz\/index.php?rest_route=%2Fwp%2Fv2%2Fcomments&post=6306"}],"version-history":[{"count":1,"href":"https:\/\/gkvitkovice.cz\/index.php?rest_route=\/wp\/v2\/posts\/6306\/revisions"}],"predecessor-version":[{"id":6308,"href":"https:\/\/gkvitkovice.cz\/index.php?rest_route=\/wp\/v2\/posts\/6306\/revisions\/6308"}],"wp:attachment":[{"href":"https:\/\/gkvitkovice.cz\/index.php?rest_route=%2Fwp%2Fv2%2Fmedia&parent=6306"}],"wp:term":[{"taxonomy":"category","embeddable":true,"href":"https:\/\/gkvitkovice.cz\/index.php?rest_route=%2Fwp%2Fv2%2Fcategories&post=6306"},{"taxonomy":"post_tag","embeddable":true,"href":"https:\/\/gkvitkovice.cz\/index.php?rest_route=%2Fwp%2Fv2%2Ftags&post=6306"}],"curies":[{"name":"wp","href":"https:\/\/api.w.org\/{rel}","templated":true}]}}