{"id":6321,"date":"2024-05-03T06:46:58","date_gmt":"2024-05-03T06:46:58","guid":{"rendered":"https:\/\/gkvitkovice.cz\/?p=6321"},"modified":"2024-05-03T06:46:58","modified_gmt":"2024-05-03T06:46:58","slug":"jarni-prebor-mesta-ostravy-divky-a-chlapci-2024","status":"publish","type":"post","link":"https:\/\/gkvitkovice.cz\/?p=6321","title":{"rendered":"Jarn\u00ed p\u0159ebor m\u011bsta Ostravy &#8211; d\u00edvky a chlapci 2024"},"content":{"rendered":"\n<div class=\"wp-block-image\"><figure class=\"aligncenter size-large is-resized\"><a href=\"https:\/\/gkvitkovice.cz\/wp-content\/uploads\/2024\/05\/IMG_3598-scaled.jpg\"><img loading=\"lazy\" src=\"https:\/\/gkvitkovice.cz\/wp-content\/uploads\/2024\/05\/IMG_3598-776x1024.jpg\" alt=\"\" class=\"wp-image-6322\" width=\"388\" height=\"512\" srcset=\"https:\/\/gkvitkovice.cz\/wp-content\/uploads\/2024\/05\/IMG_3598-776x1024.jpg 776w, https:\/\/gkvitkovice.cz\/wp-content\/uploads\/2024\/05\/IMG_3598-227x300.jpg 227w, https:\/\/gkvitkovice.cz\/wp-content\/uploads\/2024\/05\/IMG_3598-768x1013.jpg 768w, https:\/\/gkvitkovice.cz\/wp-content\/uploads\/2024\/05\/IMG_3598-1164x1536.jpg 1164w, https:\/\/gkvitkovice.cz\/wp-content\/uploads\/2024\/05\/IMG_3598-1552x2048.jpg 1552w, https:\/\/gkvitkovice.cz\/wp-content\/uploads\/2024\/05\/IMG_3598-scaled.jpg 1940w\" sizes=\"(max-width: 388px) 100vw, 388px\" \/><\/a><\/figure><\/div>\n\n\n\n<p>V ned\u011bli 28. 4. 2024 prob\u011bhl p\u0159ebor m\u011bsta Ostravy s otev\u0159enou \u00fa\u010dast\u00ed pro Moravskoslezsk\u00fd kraj. Celkem startovalo 86 d\u00edvek ze \u0161esti odd\u00edl\u016f (GK V\u00edtkovice, Sokol Moravsk\u00e1 Ostrava 1, VOKD Poruba, SGC Ostrava, TJ Fren\u0161t\u00e1t p. R. a GK Karvin\u00e1) a 15 chlapc\u016f ze t\u0159ech odd\u00edl\u016f (GK V\u00edtkovice, SGC Ostrava a TJ T\u0159inec). N\u00e1\u0161 odd\u00edl vybojoval spoustu medail\u00ed, d\u00edvk\u00e1m i chlapc\u016fm se z\u00e1vod opravdu vyda\u0159il. Zlato ve sv\u00e9 kategorii z\u00edskali: za\u010d\u00ednaj\u00edc\u00ed \u017e\u00e1kyn\u011b A <strong>Lochman L.<\/strong>, za\u010d\u00ednaj\u00edc\u00ed \u017e\u00e1kyn\u011b B<strong> \u00c1ghov\u00e1 Z.<\/strong>, VS1A <strong>Prouzov\u00e1 T.<\/strong>, VS2A <strong>Klosov\u00e1 A.<\/strong>, VS3A <strong>Ulehlov\u00e1 A.<\/strong>, VS4-6A <strong>B\u00e1rtkov\u00e1 K.<\/strong>, VS4B <strong>Mlyn\u00e1\u0159ov\u00e1 L.<\/strong>, VS5-6B <strong>Kr\u00fdsov\u00e1 A.<\/strong>, VS5-6C <strong>Hl\u00e1vkov\u00e1 N.<\/strong>, star\u0161\u00ed \u017e\u00e1ci <strong>Ly\u010dka M.<\/strong><\/p>\n\n\n\n<p>D\u011bkujeme v\u0161em z\u016f\u010dastn\u011bn\u00fdm za kr\u00e1sn\u00e9 v\u00fdkony, tren\u00e9r\u016fm za p\u0159\u00edpravu z\u00e1vodn\u00edk\u016f a rozhod\u010d\u00edm za svi\u017en\u00e9 bodov\u00e1n\u00ed.<br>Moc tak\u00e9 d\u011bkujeme v\u0161em rodi\u010d\u016fm, kte\u0159\u00ed se pod\u00edleli na naprosto \u00fa\u017easn\u00e9m ob\u010derstven\u00ed v bufetu a tak\u00e9 v\u0161em, kte\u0159\u00ed pom\u00e1hali s organizac\u00ed z\u00e1vodu. <\/p>\n\n\n\n<p>D\u011aKUJEME.<\/p>\n\n\n\n<p>V\u00fdsledky d\u00edvek <a href=\"https:\/\/www.gymfed.cz\/vysledky\/detail\/3266?kategorie=8871\">ZDE<\/a><\/p>\n\n\n\n<p>V\u00fdsledky chlapc\u016f <a href=\"https:\/\/www.gymfed.cz\/vysledky\/detail\/3359?kategorie=9443\">ZDE<\/a><\/p>\n\n\n\n<p>Fotky <a href=\"https:\/\/www.rajce.idnes.cz\/gkvitkovice\/album\/prebor-mesta-ostravy-duben-2024\">ZDE<\/a><\/p>\n\n\n\n<p><em>(Gabriela Hynek)<\/em><\/p>\n","protected":false},"excerpt":{"rendered":"<p><!-- wp:image {\"align\":\"center\",\"id\":6322,\"width\":388,\"height\":512,\"sizeSlug\":\"large\",\"linkDestination\":\"media\"} --><\/p>\n<div class=\"wp-block-image\">\n<figure class=\"aligncenter size-large is-resized\"><a href=\"https:\/\/gkvitkovice.cz\/wp-content\/uploads\/2024\/05\/IMG_3598-scaled.jpg\"><img loading=\"lazy\" src=\"https:\/\/gkvitkovice.cz\/wp-content\/uploads\/2024\/05\/IMG_3598-776x1024.jpg\" alt=\"\" class=\"wp-image-6322\" width=\"388\" height=\"512\" srcset=\"https:\/\/gkvitkovice.cz\/wp-content\/uploads\/2024\/05\/IMG_3598-776x1024.jpg 776w, https:\/\/gkvitkovice.cz\/wp-content\/uploads\/2024\/05\/IMG_3598-227x300.jpg 227w, https:\/\/gkvitkovice.cz\/wp-content\/uploads\/2024\/05\/IMG_3598-768x1013.jpg 768w, https:\/\/gkvitkovice.cz\/wp-content\/uploads\/2024\/05\/IMG_3598-1164x1536.jpg 1164w, https:\/\/gkvitkovice.cz\/wp-content\/uploads\/2024\/05\/IMG_3598-1552x2048.jpg 1552w, https:\/\/gkvitkovice.cz\/wp-content\/uploads\/2024\/05\/IMG_3598-scaled.jpg 1940w\" sizes=\"(max-width: 388px) 100vw, 388px\" \/><\/a><\/figure>\n<\/div>\n<p><!-- \/wp:image --><\/p>\n<p><!-- wp:paragraph --><\/p>\n<p>V ned\u011bli 28. 4. 2024 prob\u011bhl p\u0159ebor m\u011bsta Ostravy s otev\u0159enou \u00fa\u010dast\u00ed pro Moravskoslezsk\u00fd kraj. <\/p>\n","protected":false},"author":1,"featured_media":0,"comment_status":"closed","ping_status":"open","sticky":false,"template":"","format":"standard","meta":[],"categories":[19],"tags":[],"_links":{"self":[{"href":"https:\/\/gkvitkovice.cz\/index.php?rest_route=\/wp\/v2\/posts\/6321"}],"collection":[{"href":"https:\/\/gkvitkovice.cz\/index.php?rest_route=\/wp\/v2\/posts"}],"about":[{"href":"https:\/\/gkvitkovice.cz\/index.php?rest_route=\/wp\/v2\/types\/post"}],"author":[{"embeddable":true,"href":"https:\/\/gkvitkovice.cz\/index.php?rest_route=\/wp\/v2\/users\/1"}],"replies":[{"embeddable":true,"href":"https:\/\/gkvitkovice.cz\/index.php?rest_route=%2Fwp%2Fv2%2Fcomments&post=6321"}],"version-history":[{"count":1,"href":"https:\/\/gkvitkovice.cz\/index.php?rest_route=\/wp\/v2\/posts\/6321\/revisions"}],"predecessor-version":[{"id":6323,"href":"https:\/\/gkvitkovice.cz\/index.php?rest_route=\/wp\/v2\/posts\/6321\/revisions\/6323"}],"wp:attachment":[{"href":"https:\/\/gkvitkovice.cz\/index.php?rest_route=%2Fwp%2Fv2%2Fmedia&parent=6321"}],"wp:term":[{"taxonomy":"category","embeddable":true,"href":"https:\/\/gkvitkovice.cz\/index.php?rest_route=%2Fwp%2Fv2%2Fcategories&post=6321"},{"taxonomy":"post_tag","embeddable":true,"href":"https:\/\/gkvitkovice.cz\/index.php?rest_route=%2Fwp%2Fv2%2Ftags&post=6321"}],"curies":[{"name":"wp","href":"https:\/\/api.w.org\/{rel}","templated":true}]}}