{"id":6347,"date":"2024-05-29T12:57:15","date_gmt":"2024-05-29T12:57:15","guid":{"rendered":"https:\/\/gkvitkovice.cz\/?p=6347"},"modified":"2024-05-29T12:57:15","modified_gmt":"2024-05-29T12:57:15","slug":"mz-verviers-v-belgii-2024","status":"publish","type":"post","link":"https:\/\/gkvitkovice.cz\/?p=6347","title":{"rendered":"MZ Verviers v Belgii 2024"},"content":{"rendered":"\n<div class=\"wp-block-image\"><figure class=\"aligncenter size-large is-resized\"><a href=\"https:\/\/gkvitkovice.cz\/wp-content\/uploads\/2024\/05\/WhatsApp-Image-2024-05-29-at-11.55.25.jpeg\"><img loading=\"lazy\" src=\"https:\/\/gkvitkovice.cz\/wp-content\/uploads\/2024\/05\/WhatsApp-Image-2024-05-29-at-11.55.25-768x1024.jpeg\" alt=\"\" class=\"wp-image-6348\" width=\"384\" height=\"512\" srcset=\"https:\/\/gkvitkovice.cz\/wp-content\/uploads\/2024\/05\/WhatsApp-Image-2024-05-29-at-11.55.25-768x1024.jpeg 768w, https:\/\/gkvitkovice.cz\/wp-content\/uploads\/2024\/05\/WhatsApp-Image-2024-05-29-at-11.55.25-225x300.jpeg 225w, https:\/\/gkvitkovice.cz\/wp-content\/uploads\/2024\/05\/WhatsApp-Image-2024-05-29-at-11.55.25-1152x1536.jpeg 1152w, https:\/\/gkvitkovice.cz\/wp-content\/uploads\/2024\/05\/WhatsApp-Image-2024-05-29-at-11.55.25.jpeg 1200w\" sizes=\"(max-width: 384px) 100vw, 384px\" \/><\/a><\/figure><\/div>\n\n\n\n<p>V belgick\u00e9m Verviers prob\u011bhl 25. 5. 2024 za \u00fa\u010dasti v\u00edce ne\u017e 280 z\u00e1vodn\u00edk\u016f a z\u00e1vodnic ze 7 st\u00e1t\u016f 29. ro\u010dn\u00edk mezin\u00e1rodn\u00edho z\u00e1vodu ve sportovn\u00ed gymnastice mu\u017e\u016f a \u017een.<\/p>\n\n\n\n<p>Z\u00e1vod prob\u00edhal ve dvou v\u00fdkonnostn\u00edch kategori\u00edch rozd\u011blen\u00fdch podle v\u011bku. V kategorii A z\u00edskala na\u0161e d\u011bv\u010data 2 st\u0159\u00edbrn\u00e9 medaile, nejprve <strong>Frederka Prutkayov\u00e1 <\/strong>obsadila v kategorii Benjamines kr\u00e1sn\u00e9 druh\u00e9 m\u00edsto a stejn\u00e9ho um\u00edst\u011bn\u00ed dos\u00e1hla taky <strong>Katka B\u00e1rtkov\u00e1<\/strong> v kategorii Juniors. Spolu s Katkou nastoupila v kategorii Juniors je\u0161t\u011b<strong> Johanka Vr\u00e1tn\u00e1<\/strong>, kter\u00e1 d\u00edky vlekl\u00e9mu zran\u011bn\u00ed nohy startovala pouze na bradlech a kladin\u011b a obsadila 10. m\u00edsto. V A linii startovala je\u0161t\u011b dv\u011b na\u0161e d\u011bv\u010data v kategorii Jeunesse, <strong>S\u00e1r\u010da Novotn\u00e1<\/strong> obsadila 10. m\u00edsto a <strong>Ad\u00e9lka Chudov\u00e1<\/strong> skon\u010dila 13. Ob\u011b podaly velmi bojovn\u00fd v\u00fdkon vzhledem k zran\u011bn\u00edm a nemocem, kter\u00e9 je b\u011bhem jarn\u00ed p\u0159\u00edpravy potkaly.<\/p>\n\n\n\n<p>Zastoupen\u00ed jsme m\u011bli tak\u00e9 v linii B, kde nastoupila na\u0161e d\u011bv\u010data do v\u011bkov\u00e9 kategorie Jeunesse. Nejlep\u0161\u00ed um\u00edst\u011bn\u00ed v konkurenci 57 z\u00e1vodnic dos\u00e1hla <strong>M\u00ed\u0161a Vavro\u0161ov\u00e1<\/strong>, kter\u00e1 se um\u00edstila na 7. m\u00edst\u011b. Velmi ji mrzel p\u00e1d na posledn\u00edm n\u00e1\u0159ad\u00ed, proto\u017ee od 1. m\u00edsta ji d\u011blilo 0,7 b. P\u00e1du z kladiny se nevyhnula ani <strong>Kl\u00e1rka Pape\u017eov\u00e1<\/strong>, kter\u00e1 zacvi\u010dila velmi p\u011bkn\u011b 3 n\u00e1\u0159ad\u00ed a dlouho se s M\u00ed\u0161ou dr\u017eely na medailov\u00fdch pozic\u00edch. V celkov\u00e9m po\u0159ad\u00ed obsadila 18. m\u00edsto. <strong>Krist\u00fdnka \u0160krochov\u00e1<\/strong> po p\u011bkn\u00fdch prostn\u00fdch a p\u0159eskoku zav\u00e1hala na bradlech a celkov\u011b obsadila 13. m\u00edsto. Nejv\u011bt\u0161\u00ed sm\u016flu m\u011bla <strong>Lucka Li\u0161kov\u00e1<\/strong>, kter\u00e9 svalov\u00e9 zran\u011bn\u00ed zad nedovolilo startovat.<\/p>\n\n\n\n<p>V\u0161em d\u011bv\u010dat\u016fm a tren\u00e9r\u016fm blahop\u0159ejeme a p\u0159ejeme hodn\u011b \u0161t\u011bst\u00ed do dal\u0161\u00edch sout\u011b\u017e\u00ed. Tak\u00e9 d\u011bkujeme z\u00fa\u010dastn\u011bn\u00fdch rozhod\u010d\u00edm a rodi\u010d\u016fm za servis b\u011bhem na\u0161\u00ed dlouh\u00e9 cesty do Verviers .<\/p>\n\n\n\n<p>Fotky <a href=\"https:\/\/www.rajce.idnes.cz\/gkvitkovice\/album\/mz-verviers-belgie-25-5-2024\">ZDE<\/a><\/p>\n\n\n\n<p><em>(Sv\u011btlana Grmelov\u00e1)<\/em><\/p>\n","protected":false},"excerpt":{"rendered":"<p><!-- wp:image {\"align\":\"center\",\"id\":6348,\"width\":384,\"height\":512,\"sizeSlug\":\"large\",\"linkDestination\":\"media\"} --><\/p>\n<div class=\"wp-block-image\">\n<figure class=\"aligncenter size-large is-resized\"><a href=\"https:\/\/gkvitkovice.cz\/wp-content\/uploads\/2024\/05\/WhatsApp-Image-2024-05-29-at-11.55.25.jpeg\"><img loading=\"lazy\" src=\"https:\/\/gkvitkovice.cz\/wp-content\/uploads\/2024\/05\/WhatsApp-Image-2024-05-29-at-11.55.25-768x1024.jpeg\" alt=\"\" class=\"wp-image-6348\" width=\"384\" height=\"512\" srcset=\"https:\/\/gkvitkovice.cz\/wp-content\/uploads\/2024\/05\/WhatsApp-Image-2024-05-29-at-11.55.25-768x1024.jpeg 768w, https:\/\/gkvitkovice.cz\/wp-content\/uploads\/2024\/05\/WhatsApp-Image-2024-05-29-at-11.55.25-225x300.jpeg 225w, https:\/\/gkvitkovice.cz\/wp-content\/uploads\/2024\/05\/WhatsApp-Image-2024-05-29-at-11.55.25-1152x1536.jpeg 1152w, https:\/\/gkvitkovice.cz\/wp-content\/uploads\/2024\/05\/WhatsApp-Image-2024-05-29-at-11.55.25.jpeg 1200w\" sizes=\"(max-width: 384px) 100vw, 384px\" \/><\/a><\/figure>\n<\/div>\n<p><!-- \/wp:image --><\/p>\n<p><!-- wp:paragraph --><\/p>\n<p>V belgick\u00e9m Verviers prob\u011bhl 25. 5. 2024 za \u00fa\u010dasti v\u00edce ne\u017e 280 z\u00e1vodn\u00edk\u016f a z\u00e1vodnic ze 7 st\u00e1t\u016f 29. ro\u010dn\u00edk mezin\u00e1rodn\u00edho z\u00e1vodu ve sportovn\u00ed gymnastice mu\u017e\u016f a \u017een.<\/p>\n","protected":false},"author":1,"featured_media":0,"comment_status":"closed","ping_status":"open","sticky":false,"template":"","format":"standard","meta":[],"categories":[19],"tags":[],"_links":{"self":[{"href":"https:\/\/gkvitkovice.cz\/index.php?rest_route=\/wp\/v2\/posts\/6347"}],"collection":[{"href":"https:\/\/gkvitkovice.cz\/index.php?rest_route=\/wp\/v2\/posts"}],"about":[{"href":"https:\/\/gkvitkovice.cz\/index.php?rest_route=\/wp\/v2\/types\/post"}],"author":[{"embeddable":true,"href":"https:\/\/gkvitkovice.cz\/index.php?rest_route=\/wp\/v2\/users\/1"}],"replies":[{"embeddable":true,"href":"https:\/\/gkvitkovice.cz\/index.php?rest_route=%2Fwp%2Fv2%2Fcomments&post=6347"}],"version-history":[{"count":1,"href":"https:\/\/gkvitkovice.cz\/index.php?rest_route=\/wp\/v2\/posts\/6347\/revisions"}],"predecessor-version":[{"id":6349,"href":"https:\/\/gkvitkovice.cz\/index.php?rest_route=\/wp\/v2\/posts\/6347\/revisions\/6349"}],"wp:attachment":[{"href":"https:\/\/gkvitkovice.cz\/index.php?rest_route=%2Fwp%2Fv2%2Fmedia&parent=6347"}],"wp:term":[{"taxonomy":"category","embeddable":true,"href":"https:\/\/gkvitkovice.cz\/index.php?rest_route=%2Fwp%2Fv2%2Fcategories&post=6347"},{"taxonomy":"post_tag","embeddable":true,"href":"https:\/\/gkvitkovice.cz\/index.php?rest_route=%2Fwp%2Fv2%2Ftags&post=6347"}],"curies":[{"name":"wp","href":"https:\/\/api.w.org\/{rel}","templated":true}]}}