{"id":6361,"date":"2024-06-11T07:48:34","date_gmt":"2024-06-11T07:48:34","guid":{"rendered":"https:\/\/gkvitkovice.cz\/?p=6361"},"modified":"2024-06-11T07:48:34","modified_gmt":"2024-06-11T07:48:34","slug":"brnensky-pohar-tg-2024","status":"publish","type":"post","link":"https:\/\/gkvitkovice.cz\/?p=6361","title":{"rendered":"Brn\u011bnsk\u00fd poh\u00e1r TG 2024"},"content":{"rendered":"\n<div class=\"wp-block-image\"><figure class=\"aligncenter size-large is-resized\"><a href=\"https:\/\/gkvitkovice.cz\/wp-content\/uploads\/2024\/06\/IMG-20240608-WA0006.jpg\"><img loading=\"lazy\" src=\"https:\/\/gkvitkovice.cz\/wp-content\/uploads\/2024\/06\/IMG-20240608-WA0006-768x1024.jpg\" alt=\"\" class=\"wp-image-6364\" width=\"384\" height=\"512\" srcset=\"https:\/\/gkvitkovice.cz\/wp-content\/uploads\/2024\/06\/IMG-20240608-WA0006-768x1024.jpg 768w, https:\/\/gkvitkovice.cz\/wp-content\/uploads\/2024\/06\/IMG-20240608-WA0006-225x300.jpg 225w, https:\/\/gkvitkovice.cz\/wp-content\/uploads\/2024\/06\/IMG-20240608-WA0006-1152x1536.jpg 1152w, https:\/\/gkvitkovice.cz\/wp-content\/uploads\/2024\/06\/IMG-20240608-WA0006.jpg 1500w\" sizes=\"(max-width: 384px) 100vw, 384px\" \/><\/a><\/figure><\/div>\n\n\n<p>V sobotu 8. \u010dervna se v Brn\u011b konal posledn\u00ed z\u00e1vod \u010cesk\u00e9ho poh\u00e1ru v tomto \u0161koln\u00edm roce. Akce p\u0159il\u00e1kala talentovan\u00e9 sportovce z cel\u00e9 republiky, kte\u0159\u00ed se utkali ve \u010dty\u0159ech hlavn\u00edch kategori\u00edch a bojovali nejen o cenn\u00e9 kovy, ale tak\u00e9 o je\u0161t\u011b cenn\u011bj\u0161\u00ed body do \u010cesk\u00e9ho poh\u00e1ru. V kategorii junior I z\u00edskaly <strong>Vivi Farn\u00edkov\u00e1<\/strong> a <strong>Juli Marszolkov\u00e1<\/strong> zlatou medaili, op\u011bt s t\u00fdmem Sport Klub Stars, ve kter\u00e9m hostovaly. Um\u00edst\u011bn\u00ed potvrdilo v\u00fdjime\u010dn\u00e9 schopnosti a tvrdou pr\u00e1ci tohoto t\u00fdmu. Moc gratulujeme.<\/p>\n<p>Zvl\u00e1\u0161tn\u00ed pozornost si v\u0161ak vyslou\u017eila na\u0161e d\u011bv\u010data v kategorii junior A (<strong>Terka Dobi\u00e1\u0161ov\u00e1<\/strong>, <strong>Lucka G\u0159e\u0161ov\u00e1<\/strong>, <strong>Sofi Hil\u0161erov\u00e1<\/strong>, <strong>Klaudi Hynek<\/strong>, <strong>Zoey Kol\u00e1\u0159ov\u00e1<\/strong>, <strong>Rozi O\u017eanov\u00e1<\/strong>, <strong>Naty Papou\u0161kov\u00e1<\/strong> a<strong> Ami \u0160ustalov\u00e1<\/strong>), kter\u00e1 si z\u00edskala publikum i rozhod\u010d\u00ed sv\u00fdm naprosto \u00fa\u017easn\u00fdm a vyrovnan\u00fdm v\u00fdkonem na v\u0161ech t\u0159ech n\u00e1\u0159ad\u00edch. Nejlep\u0161\u00ed v\u00fdkon ale ur\u010dit\u011b podaly na tumblu. Jejich preciznost, s\u00edla a koordinace p\u0159i vrutech a dvojn\u00fdch saltech jim vynesly nejen zlat\u00e9 medaile, ale tak\u00e9 nejvy\u0161\u0161\u00ed zn\u00e1mku cel\u00e9ho z\u00e1vodu.<\/p>\n<p>Atmosf\u00e9ra v hale byla \u00fa\u017easn\u00e1, pln\u00e1 energie a podpory od div\u00e1k\u016f, kte\u0159\u00ed ocenili vynikaj\u00edc\u00ed \u00farove\u0148 sout\u011b\u017ee. Tento z\u00e1vod byl d\u016fstojn\u00fdm zakon\u010den\u00edm \u0161koln\u00edho roku a uk\u00e1zal, jak\u00e9 talenty m\u00e1me nejen v na\u0161em odd\u00edlu, ale obecn\u011b v \u010desk\u00e9m teamgymu.<\/p>\n<p>Posledn\u00ed z\u00e1vod a vyhl\u00e1\u0161en\u00ed cel\u00e9ho \u010cesk\u00e9ho poh\u00e1ru se uskute\u010dn\u00ed a\u017e na podzim, hned po mistrovstv\u00ed Evropy. Tento posun poskytne holk\u00e1m v\u00edce \u010dasu na p\u0159\u00edpravu a mo\u017enost dos\u00e1hnout co nejlep\u0161\u00edch v\u00fdsledk\u016f.<\/p>\n<p>Fotky <a href=\"https:\/\/www.rajce.idnes.cz\/gkvitkovice\/album\/brnensky-pohar-tg-2024\">ZDE<\/a><\/p>\n<p><em>(Gabriela Hynek)<\/em><\/p>","protected":false},"excerpt":{"rendered":"<p><!-- wp:image {\"align\":\"center\",\"id\":6364,\"width\":384,\"height\":512,\"sizeSlug\":\"large\",\"linkDestination\":\"media\"} --><\/p>\n<div class=\"wp-block-image\">\n<figure class=\"aligncenter size-large is-resized\"><a href=\"https:\/\/gkvitkovice.cz\/wp-content\/uploads\/2024\/06\/IMG-20240608-WA0006.jpg\"><img loading=\"lazy\" src=\"https:\/\/gkvitkovice.cz\/wp-content\/uploads\/2024\/06\/IMG-20240608-WA0006-768x1024.jpg\" alt=\"\" class=\"wp-image-6364\" width=\"384\" height=\"512\" srcset=\"https:\/\/gkvitkovice.cz\/wp-content\/uploads\/2024\/06\/IMG-20240608-WA0006-768x1024.jpg 768w, https:\/\/gkvitkovice.cz\/wp-content\/uploads\/2024\/06\/IMG-20240608-WA0006-225x300.jpg 225w, https:\/\/gkvitkovice.cz\/wp-content\/uploads\/2024\/06\/IMG-20240608-WA0006-1152x1536.jpg 1152w, https:\/\/gkvitkovice.cz\/wp-content\/uploads\/2024\/06\/IMG-20240608-WA0006.jpg 1500w\" sizes=\"(max-width: 384px) 100vw, 384px\" \/><\/a><\/figure>\n<\/div>\n<p><!-- \/wp:image --><\/p>\n<p>V sobotu 8. \u010dervna se v Brn\u011b konal posledn\u00ed z\u00e1vod \u010cesk\u00e9ho poh\u00e1ru v tomto \u0161koln\u00edm roce.<\/p>\n","protected":false},"author":1,"featured_media":0,"comment_status":"closed","ping_status":"open","sticky":false,"template":"","format":"standard","meta":[],"categories":[19],"tags":[],"_links":{"self":[{"href":"https:\/\/gkvitkovice.cz\/index.php?rest_route=\/wp\/v2\/posts\/6361"}],"collection":[{"href":"https:\/\/gkvitkovice.cz\/index.php?rest_route=\/wp\/v2\/posts"}],"about":[{"href":"https:\/\/gkvitkovice.cz\/index.php?rest_route=\/wp\/v2\/types\/post"}],"author":[{"embeddable":true,"href":"https:\/\/gkvitkovice.cz\/index.php?rest_route=\/wp\/v2\/users\/1"}],"replies":[{"embeddable":true,"href":"https:\/\/gkvitkovice.cz\/index.php?rest_route=%2Fwp%2Fv2%2Fcomments&post=6361"}],"version-history":[{"count":3,"href":"https:\/\/gkvitkovice.cz\/index.php?rest_route=\/wp\/v2\/posts\/6361\/revisions"}],"predecessor-version":[{"id":6365,"href":"https:\/\/gkvitkovice.cz\/index.php?rest_route=\/wp\/v2\/posts\/6361\/revisions\/6365"}],"wp:attachment":[{"href":"https:\/\/gkvitkovice.cz\/index.php?rest_route=%2Fwp%2Fv2%2Fmedia&parent=6361"}],"wp:term":[{"taxonomy":"category","embeddable":true,"href":"https:\/\/gkvitkovice.cz\/index.php?rest_route=%2Fwp%2Fv2%2Fcategories&post=6361"},{"taxonomy":"post_tag","embeddable":true,"href":"https:\/\/gkvitkovice.cz\/index.php?rest_route=%2Fwp%2Fv2%2Ftags&post=6361"}],"curies":[{"name":"wp","href":"https:\/\/api.w.org\/{rel}","templated":true}]}}