{"id":6432,"date":"2024-06-27T08:24:17","date_gmt":"2024-06-27T08:24:17","guid":{"rendered":"https:\/\/gkvitkovice.cz\/?p=6432"},"modified":"2024-06-27T08:24:17","modified_gmt":"2024-06-27T08:24:17","slug":"gk-vitkovice-baby-cup-2024","status":"publish","type":"post","link":"https:\/\/gkvitkovice.cz\/?p=6432","title":{"rendered":"GK V\u00edtkovice baby cup 2024"},"content":{"rendered":"\n<div class=\"wp-block-image\"><figure class=\"aligncenter size-large is-resized\"><a href=\"https:\/\/gkvitkovice.cz\/wp-content\/uploads\/2024\/06\/IMG-20240626-WA0000.jpg\"><img loading=\"lazy\" src=\"https:\/\/gkvitkovice.cz\/wp-content\/uploads\/2024\/06\/IMG-20240626-WA0000-768x1024.jpg\" alt=\"\" class=\"wp-image-6433\" width=\"384\" height=\"512\" srcset=\"https:\/\/gkvitkovice.cz\/wp-content\/uploads\/2024\/06\/IMG-20240626-WA0000-768x1024.jpg 768w, https:\/\/gkvitkovice.cz\/wp-content\/uploads\/2024\/06\/IMG-20240626-WA0000-225x300.jpg 225w, https:\/\/gkvitkovice.cz\/wp-content\/uploads\/2024\/06\/IMG-20240626-WA0000-1152x1536.jpg 1152w, https:\/\/gkvitkovice.cz\/wp-content\/uploads\/2024\/06\/IMG-20240626-WA0000.jpg 1200w\" sizes=\"(max-width: 384px) 100vw, 384px\" \/><\/a><\/figure><\/div>\n\n\n\n<p>V \u00fater\u00fd 25. 6. 2024 n\u00e1\u0161 odd\u00edl uspo\u0159\u00e1dal posledn\u00ed z\u00e1vod p\u0159ed ukon\u010den\u00edm sez\u00f3ny, kter\u00fd byl ur\u010den pro na\u0161e nejmlad\u0161\u00ed z\u00e1vodnice, kter\u00e9 n\u00e1m p\u0159edvedly kr\u00e1sn\u00e9 sestavy. Pro n\u011bkter\u00e1 d\u011bv\u010data to byl \u00fapln\u011b prvn\u00ed z\u00e1vod.\u00a0<\/p>\n\n\n\n<p>Z\u00e1vod byl rozd\u011blen\u00fd do dvou kategori\u00ed, v kategorii za\u010d\u00ednaj\u00edc\u00ed \u017e\u00e1kyn\u011b 2017 a mlad\u0161\u00ed se na 1. m\u00edst\u011b um\u00edstila <strong>Vendulka Krpel\u00edkov\u00e1<\/strong>, 2. m\u00edsto obsadila <strong>Julinka Bern\u00e1tov\u00e1<\/strong> a 3. m\u00edsto <strong>Emi\u010dka Such\u00e1<\/strong>. <\/p>\n\n\n\n<p>V kategorii \u017e\u00e1kyn\u011b A n\u00e1m sestavy p\u0159edvedla ji\u017e zku\u0161en\u011bj\u0161\u00ed d\u011bv\u010data, na 1. m\u00edst\u011b se um\u00edstila<strong> Jolanka \u010c\u00ed\u017eov\u00e1<\/strong>, 2. m\u00edsto obsadila <strong>Layla Lochman<\/strong> a 3. m\u00edsto <strong>Viktorka Havl\u00ed\u010dkov\u00e1<\/strong>.<\/p>\n\n\n\n<p><br>V\u0161em d\u011bv\u010dat\u016fm a tren\u00e9rk\u00e1m moc gratulujeme a t\u011b\u0161\u00edme se op\u011bt na dal\u0161\u00ed skv\u011bl\u00e9 v\u00fdsledky. Tak\u00e9 d\u011bkujeme rozhod\u010d\u00edm a cel\u00e9mu odd\u00edlu GK V\u00edtkovice za uspo\u0159\u00e1d\u00e1n\u00ed tohoto z\u00e1vodu.<\/p>\n\n\n\n<p><br>P\u0159ejeme v\u0161em kr\u00e1sn\u00e9 pr\u00e1zdniny a v z\u00e1\u0159\u00ed op\u011bt na vid\u011bnou.<\/p>\n\n\n\n<p>Fotky <a href=\"https:\/\/www.rajce.idnes.cz\/gkvitkovice\/album\/baby-cup-25-6-2024\" target=\"_blank\" rel=\"noreferrer noopener\">ZDE<\/a><\/p>\n\n\n\n<p>V\u00fdsledky <a href=\"https:\/\/www.gymfed.cz\/kalendar\/detail\/3430\" target=\"_blank\" rel=\"noreferrer noopener\">ZDE<\/a><\/p>\n\n\n\n<p><em>(Nikol Mlyn\u00e1\u0159ov\u00e1)<\/em><\/p>\n","protected":false},"excerpt":{"rendered":"<p><!-- wp:image {\"align\":\"center\",\"id\":6433,\"width\":384,\"height\":512,\"sizeSlug\":\"large\",\"linkDestination\":\"media\"} --><\/p>\n<div class=\"wp-block-image\">\n<figure class=\"aligncenter size-large is-resized\"><a href=\"https:\/\/gkvitkovice.cz\/wp-content\/uploads\/2024\/06\/IMG-20240626-WA0000.jpg\"><img loading=\"lazy\" src=\"https:\/\/gkvitkovice.cz\/wp-content\/uploads\/2024\/06\/IMG-20240626-WA0000-768x1024.jpg\" alt=\"\" class=\"wp-image-6433\" width=\"384\" height=\"512\" srcset=\"https:\/\/gkvitkovice.cz\/wp-content\/uploads\/2024\/06\/IMG-20240626-WA0000-768x1024.jpg 768w, https:\/\/gkvitkovice.cz\/wp-content\/uploads\/2024\/06\/IMG-20240626-WA0000-225x300.jpg 225w, https:\/\/gkvitkovice.cz\/wp-content\/uploads\/2024\/06\/IMG-20240626-WA0000-1152x1536.jpg 1152w, https:\/\/gkvitkovice.cz\/wp-content\/uploads\/2024\/06\/IMG-20240626-WA0000.jpg 1200w\" sizes=\"(max-width: 384px) 100vw, 384px\" \/><\/a><\/figure>\n<\/div>\n<p><!-- \/wp:image --><\/p>\n<p><!-- wp:paragraph --><\/p>\n<p>V \u00fater\u00fd 25. 6. 2024 n\u00e1\u0161 odd\u00edl uspo\u0159\u00e1dal posledn\u00ed z\u00e1vod p\u0159ed ukon\u010den\u00edm sez\u00f3ny, kter\u00fd byl ur\u010den pro na\u0161e nejmlad\u0161\u00ed z\u00e1vodnice, kter\u00e9 n\u00e1m p\u0159edvedly kr\u00e1sn\u00e9 sestavy. <\/p>\n","protected":false},"author":1,"featured_media":0,"comment_status":"closed","ping_status":"open","sticky":false,"template":"","format":"standard","meta":[],"categories":[19],"tags":[],"_links":{"self":[{"href":"https:\/\/gkvitkovice.cz\/index.php?rest_route=\/wp\/v2\/posts\/6432"}],"collection":[{"href":"https:\/\/gkvitkovice.cz\/index.php?rest_route=\/wp\/v2\/posts"}],"about":[{"href":"https:\/\/gkvitkovice.cz\/index.php?rest_route=\/wp\/v2\/types\/post"}],"author":[{"embeddable":true,"href":"https:\/\/gkvitkovice.cz\/index.php?rest_route=\/wp\/v2\/users\/1"}],"replies":[{"embeddable":true,"href":"https:\/\/gkvitkovice.cz\/index.php?rest_route=%2Fwp%2Fv2%2Fcomments&post=6432"}],"version-history":[{"count":2,"href":"https:\/\/gkvitkovice.cz\/index.php?rest_route=\/wp\/v2\/posts\/6432\/revisions"}],"predecessor-version":[{"id":7602,"href":"https:\/\/gkvitkovice.cz\/index.php?rest_route=\/wp\/v2\/posts\/6432\/revisions\/7602"}],"wp:attachment":[{"href":"https:\/\/gkvitkovice.cz\/index.php?rest_route=%2Fwp%2Fv2%2Fmedia&parent=6432"}],"wp:term":[{"taxonomy":"category","embeddable":true,"href":"https:\/\/gkvitkovice.cz\/index.php?rest_route=%2Fwp%2Fv2%2Fcategories&post=6432"},{"taxonomy":"post_tag","embeddable":true,"href":"https:\/\/gkvitkovice.cz\/index.php?rest_route=%2Fwp%2Fv2%2Ftags&post=6432"}],"curies":[{"name":"wp","href":"https:\/\/api.w.org\/{rel}","templated":true}]}}