{"id":6534,"date":"2024-08-30T07:26:01","date_gmt":"2024-08-30T07:26:01","guid":{"rendered":"https:\/\/gkvitkovice.cz\/?p=6534"},"modified":"2024-08-30T07:26:39","modified_gmt":"2024-08-30T07:26:39","slug":"lvt-dobrichovice-2024","status":"publish","type":"post","link":"https:\/\/gkvitkovice.cz\/?p=6534","title":{"rendered":"LVT Dob\u0159ichovice 2024"},"content":{"rendered":"\n<div class=\"wp-block-image\"><figure class=\"aligncenter size-large is-resized\"><a href=\"https:\/\/gkvitkovice.cz\/wp-content\/uploads\/2024\/08\/IMG-20240806-WA0021.jpg\"><img loading=\"lazy\" src=\"https:\/\/gkvitkovice.cz\/wp-content\/uploads\/2024\/08\/IMG-20240806-WA0021-1024x768.jpg\" alt=\"\" class=\"wp-image-6535\" width=\"512\" height=\"384\" srcset=\"https:\/\/gkvitkovice.cz\/wp-content\/uploads\/2024\/08\/IMG-20240806-WA0021-1024x768.jpg 1024w, https:\/\/gkvitkovice.cz\/wp-content\/uploads\/2024\/08\/IMG-20240806-WA0021-300x225.jpg 300w, https:\/\/gkvitkovice.cz\/wp-content\/uploads\/2024\/08\/IMG-20240806-WA0021-768x576.jpg 768w, https:\/\/gkvitkovice.cz\/wp-content\/uploads\/2024\/08\/IMG-20240806-WA0021-1536x1152.jpg 1536w, https:\/\/gkvitkovice.cz\/wp-content\/uploads\/2024\/08\/IMG-20240806-WA0021.jpg 1600w\" sizes=\"(max-width: 512px) 100vw, 512px\" \/><\/a><\/figure><\/div>\n\n\n\n<p>Leto\u0161n\u00ed letn\u00ed soust\u0159ed\u011bn\u00ed v Jojo Gymu v Dob\u0159ichovic\u00edch prob\u011bhlo ve dnech 5. &#8211; 9. 8. 2024. Vyu\u017eily jsme tamn\u00ed gymnastickou halu k tr\u00e9nink\u016fm, v\u010detn\u011b kr\u00e1sn\u00e9 cyklostezky, kter\u00e1 vede kolem \u0159eky Berounky, kde jsme nejen zahajovaly den b\u011bhem a rann\u00ed rozcvi\u010dkou, ale tak\u00e9 jsme ji vyu\u017eily k proj\u00ed\u017e\u010fk\u00e1m na kole\u010dkov\u00fdch brusl\u00edch.&nbsp;<\/p>\n\n\n\n<p>Krom\u011b zlep\u0161ov\u00e1n\u00ed gymnastick\u00fdch dovednost\u00ed a kondice jsme si u\u017eily r\u016fzn\u00fdch sportovn\u00edch i v\u011bdomostn\u00edch her, v\u00fdletu na Karl\u0161tejn a celodenn\u00edho v\u00fdletu do Prahy. D\u011bv\u010dat\u016fm jsme uk\u00e1zaly nejzn\u00e1m\u011bj\u0161\u00ed pra\u017esk\u00e9 pam\u00e1tky jako je Orloj, Pra\u017esk\u00fd hrad, Karl\u016fv most, Starom\u011bstsk\u00e9 n\u00e1m\u011bst\u00ed\u2026 a na z\u00e1v\u011br nechyb\u011bla ani plavba lod\u00ed po Vltav\u011b.&nbsp;<\/p>\n\n\n\n<p>Soust\u0159ed\u011bn\u00ed jsme si v\u0161ichni u\u017eili a byl to skv\u011bl\u00fd start pro dal\u0161\u00ed sez\u00f3nu.<\/p>\n\n\n\n<p>Fotky <a href=\"https:\/\/www.rajce.idnes.cz\/gkvitkovice\/album\/lvt-2024-dobrichovice\" target=\"_blank\" rel=\"noreferrer noopener\">ZDE<\/a><\/p>\n\n\n\n<p><em>(Nikola Mlyn\u00e1\u0159ov\u00e1)<\/em><\/p>\n","protected":false},"excerpt":{"rendered":"<p><!-- wp:image {\"align\":\"center\",\"id\":6535,\"width\":512,\"height\":384,\"sizeSlug\":\"large\",\"linkDestination\":\"media\"} --><\/p>\n<div class=\"wp-block-image\">\n<figure class=\"aligncenter size-large is-resized\"><a href=\"https:\/\/gkvitkovice.cz\/wp-content\/uploads\/2024\/08\/IMG-20240806-WA0021.jpg\"><img loading=\"lazy\" src=\"https:\/\/gkvitkovice.cz\/wp-content\/uploads\/2024\/08\/IMG-20240806-WA0021-1024x768.jpg\" alt=\"\" class=\"wp-image-6535\" width=\"512\" height=\"384\" srcset=\"https:\/\/gkvitkovice.cz\/wp-content\/uploads\/2024\/08\/IMG-20240806-WA0021-1024x768.jpg 1024w, https:\/\/gkvitkovice.cz\/wp-content\/uploads\/2024\/08\/IMG-20240806-WA0021-300x225.jpg 300w, https:\/\/gkvitkovice.cz\/wp-content\/uploads\/2024\/08\/IMG-20240806-WA0021-768x576.jpg 768w, https:\/\/gkvitkovice.cz\/wp-content\/uploads\/2024\/08\/IMG-20240806-WA0021-1536x1152.jpg 1536w, https:\/\/gkvitkovice.cz\/wp-content\/uploads\/2024\/08\/IMG-20240806-WA0021.jpg 1600w\" sizes=\"(max-width: 512px) 100vw, 512px\" \/><\/a><\/figure>\n<\/div>\n<p><!-- \/wp:image --><\/p>\n<p><!-- wp:paragraph --><\/p>\n<p>Leto\u0161n\u00ed letn\u00ed soust\u0159ed\u011bn\u00ed v Jojo Gymu v Dob\u0159ichovic\u00edch prob\u011bhlo ve dnech 5. &#8211; 9. 8. 2024. <\/p>\n","protected":false},"author":1,"featured_media":0,"comment_status":"closed","ping_status":"open","sticky":false,"template":"","format":"standard","meta":[],"categories":[19],"tags":[],"_links":{"self":[{"href":"https:\/\/gkvitkovice.cz\/index.php?rest_route=\/wp\/v2\/posts\/6534"}],"collection":[{"href":"https:\/\/gkvitkovice.cz\/index.php?rest_route=\/wp\/v2\/posts"}],"about":[{"href":"https:\/\/gkvitkovice.cz\/index.php?rest_route=\/wp\/v2\/types\/post"}],"author":[{"embeddable":true,"href":"https:\/\/gkvitkovice.cz\/index.php?rest_route=\/wp\/v2\/users\/1"}],"replies":[{"embeddable":true,"href":"https:\/\/gkvitkovice.cz\/index.php?rest_route=%2Fwp%2Fv2%2Fcomments&post=6534"}],"version-history":[{"count":2,"href":"https:\/\/gkvitkovice.cz\/index.php?rest_route=\/wp\/v2\/posts\/6534\/revisions"}],"predecessor-version":[{"id":6537,"href":"https:\/\/gkvitkovice.cz\/index.php?rest_route=\/wp\/v2\/posts\/6534\/revisions\/6537"}],"wp:attachment":[{"href":"https:\/\/gkvitkovice.cz\/index.php?rest_route=%2Fwp%2Fv2%2Fmedia&parent=6534"}],"wp:term":[{"taxonomy":"category","embeddable":true,"href":"https:\/\/gkvitkovice.cz\/index.php?rest_route=%2Fwp%2Fv2%2Fcategories&post=6534"},{"taxonomy":"post_tag","embeddable":true,"href":"https:\/\/gkvitkovice.cz\/index.php?rest_route=%2Fwp%2Fv2%2Ftags&post=6534"}],"curies":[{"name":"wp","href":"https:\/\/api.w.org\/{rel}","templated":true}]}}