{"id":6696,"date":"2024-10-29T13:36:05","date_gmt":"2024-10-29T13:36:05","guid":{"rendered":"https:\/\/gkvitkovice.cz\/?p=6696"},"modified":"2024-11-04T10:10:33","modified_gmt":"2024-11-04T10:10:33","slug":"baby-pink-cup-2024","status":"publish","type":"post","link":"https:\/\/gkvitkovice.cz\/?p=6696","title":{"rendered":"Baby Pink Cup 2024"},"content":{"rendered":"\n<div class=\"wp-block-image\"><figure class=\"aligncenter size-large is-resized\"><a href=\"https:\/\/gkvitkovice.cz\/wp-content\/uploads\/2024\/10\/IMG-20241020-WA0004.jpg\"><img loading=\"lazy\" src=\"https:\/\/gkvitkovice.cz\/wp-content\/uploads\/2024\/10\/IMG-20241020-WA0004-768x1024.jpg\" alt=\"\" class=\"wp-image-6697\" width=\"384\" height=\"512\" srcset=\"https:\/\/gkvitkovice.cz\/wp-content\/uploads\/2024\/10\/IMG-20241020-WA0004-768x1024.jpg 768w, https:\/\/gkvitkovice.cz\/wp-content\/uploads\/2024\/10\/IMG-20241020-WA0004-225x300.jpg 225w, https:\/\/gkvitkovice.cz\/wp-content\/uploads\/2024\/10\/IMG-20241020-WA0004-1152x1536.jpg 1152w, https:\/\/gkvitkovice.cz\/wp-content\/uploads\/2024\/10\/IMG-20241020-WA0004.jpg 1200w\" sizes=\"(max-width: 384px) 100vw, 384px\" \/><\/a><\/figure><\/div>\n\n\n\n<p>V ned\u011bli 20. \u0159\u00edjna 2024 se konal n\u00e1\u0161 prvn\u00ed ro\u010dn\u00edk z\u00e1vodu Baby Pink Cup. Gymnastky z\u00e1vodily na kladin\u011b a prostn\u00fdch a krom\u011b klasick\u00fdch kategori\u00ed se sout\u011b\u017eilo i o nejorigin\u00e1ln\u011bj\u0161\u00ed kost\u00fdm v r\u016f\u017eov\u00e9 barv\u011b.<\/p>\n\n\n\n<p><br>V kategorii mini se na prvn\u00edm m\u00edst\u011b um\u00edstila <strong>Vendulka Krpel\u00edkov\u00e1<\/strong>, druh\u00e1 skon\u010dila <strong>Layla Lochman<\/strong>, na p\u00e1t\u00e9m m\u00edst\u011b <strong>Ema Such\u00e1<\/strong>, sedm\u00e1 <strong>Julie Bern\u00e1tov\u00e1<\/strong>, dev\u00e1t\u00e1<strong> Ad\u00e9lka Prouzov\u00e1<\/strong>, des\u00e1t\u00e1 <strong>Eli\u0161ka Rod\u00e1kov\u00e1<\/strong> a dvan\u00e1ct\u00e1 <strong>Stela Krupov\u00e1<\/strong>.<\/p>\n\n\n\n<p><br>V kategorii za\u010d\u00ednaj\u00edc\u00edch \u017e\u00e1ky\u0148 zv\u00edt\u011bzila <strong>Marie Jaro\u0161ov\u00e1<\/strong>, p\u00e1t\u00e9 m\u00edsto obsadila <strong>Nat\u00e1lka Rybov\u00e1<\/strong>, des\u00e1t\u00e1 skon\u010dila <strong>Nina Waleck\u00e1<\/strong>, jeden\u00e1ct\u00e1 <strong>Juditka Kav\u00e1lkov\u00e1 <\/strong>a t\u0159in\u00e1ct\u00e1 <strong>Josef\u00ednka Ester Je\u017ekov\u00e1<\/strong>.<\/p>\n\n\n\n<p><br>V kategorii nejmlad\u0161\u00edch \u017e\u00e1ky\u0148, kde z\u00e1vodilo dvacet gymnastek, si prvn\u00ed m\u00edsto vybojovala <strong>Terezka Prouzov\u00e1<\/strong>, t\u0159et\u00ed byla <strong>Jolanka \u010c\u00ed\u017eov\u00e1<\/strong>, \u0161est\u00e1 <strong>Viktorka Havl\u00ed\u010dkov\u00e1<\/strong>, sedm\u00e1<strong> Barborka Kr\u00e1\u010dal\u00edkov\u00e1<\/strong> a osm\u00e1 <strong>Ag\u00e1tka \u0160ulov\u00e1<\/strong>.<\/p>\n\n\n\n<p>V kategorii mlad\u0161\u00edch \u017e\u00e1ky\u0148 B zv\u00edt\u011bzily na\u0161e dv\u011b z\u00e1vodnice <strong>Elen \u0160ilerov\u00e1<\/strong> a <strong>Anna Ulehlov\u00e1<\/strong>. T\u0159et\u00ed byla <strong>Liliana Such\u00e1<\/strong> a p\u00e1t\u00e1 <strong>Ag\u00e1ta Klosov\u00e1<\/strong>.<\/p>\n\n\n\n<div class=\"wp-block-image\"><figure class=\"aligncenter size-large is-resized\"><a href=\"https:\/\/gkvitkovice.cz\/wp-content\/uploads\/2024\/10\/IMG_20241020_133900.jpg\"><img loading=\"lazy\" src=\"https:\/\/gkvitkovice.cz\/wp-content\/uploads\/2024\/10\/IMG_20241020_133900-768x1024.jpg\" alt=\"\" class=\"wp-image-6698\" width=\"384\" height=\"512\" srcset=\"https:\/\/gkvitkovice.cz\/wp-content\/uploads\/2024\/10\/IMG_20241020_133900-768x1024.jpg 768w, https:\/\/gkvitkovice.cz\/wp-content\/uploads\/2024\/10\/IMG_20241020_133900-225x300.jpg 225w, https:\/\/gkvitkovice.cz\/wp-content\/uploads\/2024\/10\/IMG_20241020_133900-1152x1536.jpg 1152w, https:\/\/gkvitkovice.cz\/wp-content\/uploads\/2024\/10\/IMG_20241020_133900.jpg 1500w\" sizes=\"(max-width: 384px) 100vw, 384px\" \/><\/a><\/figure><\/div>\n\n\n\n<p><br>V kategorii star\u0161\u00edch \u017e\u00e1ky\u0148 B vyhr\u00e1la <strong>Liliana Mlyn\u00e1\u0159ov\u00e1<\/strong>, t\u0159et\u00ed m\u00edsto obsadila <strong>Zoe Laura Kol\u00e1\u0159ov\u00e1<\/strong>. P\u00e1t\u00e1 skon\u010dila <strong>Inna Cig\u00e1nkov\u00e1<\/strong>, \u0161est\u00e1 <strong>Sofie Cig\u00e1nkov\u00e1 <\/strong>a patn\u00e1ct\u00e1 po nezdaru na kladin\u011b<strong> Lucka Li\u0161kov\u00e1<\/strong>.<\/p>\n\n\n\n<p><br>V kategorii mlad\u0161\u00edch \u017e\u00e1ky\u0148 C se nejl\u00e9pe um\u00edstila <strong>Zara \u00c1ghov\u00e1<\/strong> na p\u00e1t\u00e9m m\u00edst\u011b, \u0161est\u00e1 byla <strong>Marika \u0160perl\u00ednov\u00e1<\/strong> a \u0161estn\u00e1ct\u00e1 <strong>Marie Anna Je\u017ekov\u00e1<\/strong>. T\u00e9to kategorie se tak\u00e9 z\u00fa\u010dastnila <strong>Vivi Farn\u00edkov\u00e1<\/strong>, ale startovala mimo z\u00e1vod.<\/p>\n\n\n\n<p><br>V kategorii juniorek a \u017een C si t\u0159et\u00ed m\u00edsto vybojovala <strong>Nela Hl\u00e1vkov\u00e1<\/strong>.<\/p>\n\n\n\n<p><br>Z\u00e1vod prob\u011bhl v p\u0159\u00edjemn\u00e9 r\u016f\u017eov\u00e9 atmosf\u00e9\u0159e. R\u00e1di bychom pod\u011bkovali v\u0161em gymnastk\u00e1m, tren\u00e9r\u016fm a rozhod\u010d\u00edm za jejich \u00fa\u010dast a za n\u00e1padit\u00e9 kost\u00fdmy. T\u011b\u0161\u00edme se na&nbsp;p\u0159\u00ed\u0161t\u00ed&nbsp;ro\u010dn\u00edk!<\/p>\n\n\n\n<p>Fotky <a href=\"https:\/\/www.rajce.idnes.cz\/gkvitkovice\/album\/baby-pink-cup-20-10-2024\" target=\"_blank\" rel=\"noreferrer noopener\">ZDE<\/a><\/p>\n\n\n\n<p>V\u00fdsledky <a href=\"https:\/\/www.gymfed.cz\/vysledky\/detail\/3351\" target=\"_blank\" rel=\"noreferrer noopener\">ZDE<\/a><\/p>\n\n\n\n<p><em>(Laura Smolecov\u00e1)<\/em><\/p>\n","protected":false},"excerpt":{"rendered":"<p><!-- wp:image {\"align\":\"center\",\"id\":6697,\"width\":384,\"height\":512,\"sizeSlug\":\"large\",\"linkDestination\":\"media\"} --><\/p>\n<div class=\"wp-block-image\">\n<figure class=\"aligncenter size-large is-resized\"><a href=\"https:\/\/gkvitkovice.cz\/wp-content\/uploads\/2024\/10\/IMG-20241020-WA0004.jpg\"><img loading=\"lazy\" src=\"https:\/\/gkvitkovice.cz\/wp-content\/uploads\/2024\/10\/IMG-20241020-WA0004-768x1024.jpg\" alt=\"\" class=\"wp-image-6697\" width=\"384\" height=\"512\" srcset=\"https:\/\/gkvitkovice.cz\/wp-content\/uploads\/2024\/10\/IMG-20241020-WA0004-768x1024.jpg 768w, https:\/\/gkvitkovice.cz\/wp-content\/uploads\/2024\/10\/IMG-20241020-WA0004-225x300.jpg 225w, https:\/\/gkvitkovice.cz\/wp-content\/uploads\/2024\/10\/IMG-20241020-WA0004-1152x1536.jpg 1152w, https:\/\/gkvitkovice.cz\/wp-content\/uploads\/2024\/10\/IMG-20241020-WA0004.jpg 1200w\" sizes=\"(max-width: 384px) 100vw, 384px\" \/><\/a><\/figure>\n<\/div>\n<p><!-- \/wp:image --><\/p>\n<p><!-- wp:paragraph --><\/p>\n<p>V ned\u011bli 20. \u0159\u00edjna 2024 se konal n\u00e1\u0161 prvn\u00ed ro\u010dn\u00edk z\u00e1vodu Baby Pink Cup. <\/p>\n","protected":false},"author":1,"featured_media":0,"comment_status":"closed","ping_status":"open","sticky":false,"template":"","format":"standard","meta":[],"categories":[19],"tags":[],"_links":{"self":[{"href":"https:\/\/gkvitkovice.cz\/index.php?rest_route=\/wp\/v2\/posts\/6696"}],"collection":[{"href":"https:\/\/gkvitkovice.cz\/index.php?rest_route=\/wp\/v2\/posts"}],"about":[{"href":"https:\/\/gkvitkovice.cz\/index.php?rest_route=\/wp\/v2\/types\/post"}],"author":[{"embeddable":true,"href":"https:\/\/gkvitkovice.cz\/index.php?rest_route=\/wp\/v2\/users\/1"}],"replies":[{"embeddable":true,"href":"https:\/\/gkvitkovice.cz\/index.php?rest_route=%2Fwp%2Fv2%2Fcomments&post=6696"}],"version-history":[{"count":2,"href":"https:\/\/gkvitkovice.cz\/index.php?rest_route=\/wp\/v2\/posts\/6696\/revisions"}],"predecessor-version":[{"id":6710,"href":"https:\/\/gkvitkovice.cz\/index.php?rest_route=\/wp\/v2\/posts\/6696\/revisions\/6710"}],"wp:attachment":[{"href":"https:\/\/gkvitkovice.cz\/index.php?rest_route=%2Fwp%2Fv2%2Fmedia&parent=6696"}],"wp:term":[{"taxonomy":"category","embeddable":true,"href":"https:\/\/gkvitkovice.cz\/index.php?rest_route=%2Fwp%2Fv2%2Fcategories&post=6696"},{"taxonomy":"post_tag","embeddable":true,"href":"https:\/\/gkvitkovice.cz\/index.php?rest_route=%2Fwp%2Fv2%2Ftags&post=6696"}],"curies":[{"name":"wp","href":"https:\/\/api.w.org\/{rel}","templated":true}]}}