{"id":6711,"date":"2024-11-04T10:24:14","date_gmt":"2024-11-04T10:24:14","guid":{"rendered":"https:\/\/gkvitkovice.cz\/?p=6711"},"modified":"2024-11-04T10:24:14","modified_gmt":"2024-11-04T10:24:14","slug":"prebor-mesta-ostravy-2024","status":"publish","type":"post","link":"https:\/\/gkvitkovice.cz\/?p=6711","title":{"rendered":"P\u0159ebor m\u011bsta Ostravy 2024"},"content":{"rendered":"\n<div class=\"wp-block-image\"><figure class=\"aligncenter size-large is-resized\"><a href=\"https:\/\/gkvitkovice.cz\/wp-content\/uploads\/2024\/11\/IMG-20241103-WA0006.jpg\"><img loading=\"lazy\" src=\"https:\/\/gkvitkovice.cz\/wp-content\/uploads\/2024\/11\/IMG-20241103-WA0006-768x1024.jpg\" alt=\"\" class=\"wp-image-6712\" width=\"384\" height=\"512\" srcset=\"https:\/\/gkvitkovice.cz\/wp-content\/uploads\/2024\/11\/IMG-20241103-WA0006-768x1024.jpg 768w, https:\/\/gkvitkovice.cz\/wp-content\/uploads\/2024\/11\/IMG-20241103-WA0006-225x300.jpg 225w, https:\/\/gkvitkovice.cz\/wp-content\/uploads\/2024\/11\/IMG-20241103-WA0006-1152x1536.jpg 1152w, https:\/\/gkvitkovice.cz\/wp-content\/uploads\/2024\/11\/IMG-20241103-WA0006.jpg 1500w\" sizes=\"(max-width: 384px) 100vw, 384px\" \/><\/a><\/figure><\/div>\n\n\n\n<p>V sobotu 2. 11. 2024 se n\u00e1\u0161 odd\u00edl z\u00fa\u010dastnil m\u011bstsk\u00e9ho p\u0159eboru Ostrava, kter\u00fd po\u0159\u00e1dal T.J. Sokol Moravsk\u00e1 Ostrava 1. Jednalo se o z\u00e1vod dru\u017estev a zastoupen\u00ed jsme m\u011bli ve v\u0161ech kategori\u00edch.\u00a0<\/p>\n\n\n\n<p><br>Hned z r\u00e1na n\u00e1m startovala nejmlad\u0161\u00ed kategorie za\u010d\u00ednaj\u00edc\u00edch \u017e\u00e1ky\u0148 A v zastoupen\u00ed <strong>Jul\u010di Bern\u00e1tov\u00e9<\/strong>, <strong>Vendy Krpel\u00edkov\u00e9<\/strong> a <strong>Layly Lochman<\/strong>, kter\u00e9 n\u00e1m p\u0159evedly svoje sestavy na prostn\u00fdch a bradlech, a v t\u00e9to kategorii si odvezly zlatou medaili. <\/p>\n\n\n\n<p>V za\u010d\u00ednaj\u00edc\u00edch \u017e\u00e1kyn\u00edch B n\u00e1m z\u00e1vodila <strong>Naty Rybov\u00e1<\/strong>, kter\u00e1 hostovala s d\u011bv\u010daty z T.J. Sokol Moravsk\u00e9 Ostravy 1 a z\u00edskaly st\u0159\u00edbrnou medaili.<\/p>\n\n\n\n<div class=\"wp-block-image\"><figure class=\"aligncenter size-large is-resized\"><a href=\"https:\/\/gkvitkovice.cz\/wp-content\/uploads\/2024\/11\/IMG-20241103-WA0012.jpg\"><img loading=\"lazy\" src=\"https:\/\/gkvitkovice.cz\/wp-content\/uploads\/2024\/11\/IMG-20241103-WA0012-768x1024.jpg\" alt=\"\" class=\"wp-image-6713\" width=\"384\" height=\"512\" srcset=\"https:\/\/gkvitkovice.cz\/wp-content\/uploads\/2024\/11\/IMG-20241103-WA0012-768x1024.jpg 768w, https:\/\/gkvitkovice.cz\/wp-content\/uploads\/2024\/11\/IMG-20241103-WA0012-225x300.jpg 225w, https:\/\/gkvitkovice.cz\/wp-content\/uploads\/2024\/11\/IMG-20241103-WA0012-1152x1536.jpg 1152w, https:\/\/gkvitkovice.cz\/wp-content\/uploads\/2024\/11\/IMG-20241103-WA0012.jpg 1500w\" sizes=\"(max-width: 384px) 100vw, 384px\" \/><\/a><\/figure><\/div>\n\n\n\n<p><br>V dal\u0161\u00edch sledech n\u00e1m nastoupila d\u011bv\u010data I., ll., lll., IV. a V. ligy, kter\u00e1 n\u00e1m p\u0159edvedla kr\u00e1sn\u00e9 v\u00fdkony, a i tady si odv\u00e1\u017e\u00edme medaile a tituly p\u0159eborn\u00edk m\u011bsta Ostravy:<\/p>\n\n\n\n<p><br><em>V. liga<\/em><\/p>\n\n\n\n<p>1.m\u00edsto &#8211; <strong>Zara \u00c1ghov\u00e1<\/strong>,<strong> Vivi Farn\u00edkov\u00e1<\/strong>, <strong>Mari\u010dka \u0160perl\u00ednov\u00e1<\/strong><br>3.m\u00edsto &#8211; <strong>Viki Havl\u00ed\u010dkov\u00e1<\/strong>,<strong> Maru\u0161ka Je\u017ekov\u00e1<\/strong>, <strong>Agi \u0160ulov\u00e1<\/strong><\/p>\n\n\n\n<p><br><em>IV. liga<\/em><\/p>\n\n\n\n<p>1.m\u00edsto &#8211; <strong>Terka Prouzov\u00e1<\/strong>, <strong>Lili Such\u00e1<\/strong>, <strong>El\u010da \u0160ilerov\u00e1\u00a0<\/strong><\/p>\n\n\n\n<div class=\"wp-block-image\"><figure class=\"aligncenter size-large is-resized\"><a href=\"https:\/\/gkvitkovice.cz\/wp-content\/uploads\/2024\/11\/IMG-20241103-WA0015.jpg\"><img loading=\"lazy\" src=\"https:\/\/gkvitkovice.cz\/wp-content\/uploads\/2024\/11\/IMG-20241103-WA0015-768x1024.jpg\" alt=\"\" class=\"wp-image-6714\" width=\"384\" height=\"512\" srcset=\"https:\/\/gkvitkovice.cz\/wp-content\/uploads\/2024\/11\/IMG-20241103-WA0015-768x1024.jpg 768w, https:\/\/gkvitkovice.cz\/wp-content\/uploads\/2024\/11\/IMG-20241103-WA0015-225x300.jpg 225w, https:\/\/gkvitkovice.cz\/wp-content\/uploads\/2024\/11\/IMG-20241103-WA0015-1152x1536.jpg 1152w, https:\/\/gkvitkovice.cz\/wp-content\/uploads\/2024\/11\/IMG-20241103-WA0015.jpg 1500w\" sizes=\"(max-width: 384px) 100vw, 384px\" \/><\/a><\/figure><\/div>\n\n\n\n<p><br><em>III. liga<\/em><\/p>\n\n\n\n<p>1.m\u00edsto &#8211; <strong>Dom\u010da Friedrichov\u00e1<\/strong>, <strong>Nel\u010da Hl\u00e1vkov\u00e1<\/strong>, <strong>Anet Nykodymov\u00e1<\/strong>, <strong>Inna Cig\u00e1nkov\u00e1<\/strong>, <strong>Sofi Cig\u00e1nkov\u00e1\u00a0<\/strong><\/p>\n\n\n\n<p><br><em>II. liga<\/em><\/p>\n\n\n\n<p>1.m\u00edsto &#8211; <strong>Lili Mlyn\u00e1\u0159ov\u00e1<\/strong>, <strong>Kl\u00e1rka Pape\u017eov\u00e1<\/strong>, <strong>Kiki \u0160krochov\u00e1<\/strong>, <strong>Ani Ulehlov\u00e1<\/strong>, <strong>M\u00ed\u0161a Vavro\u0161ov\u00e1<\/strong><br>2.m\u00edsto &#8211; <strong>Sofi \u010cechov\u00e1<\/strong>, <strong>Zoe Kol\u00e1\u0159ov\u00e1<\/strong>, <strong>Sar\u010da K\u0159i\u017eo\u0161\u010dakov\u00e1<\/strong>, <strong>Lucka Li\u0161kov\u00e1<\/strong><\/p>\n\n\n\n<p><br><em>I. liga<\/em><\/p>\n\n\n\n<p>2.m\u00edsto &#8211;<strong> A\u010fa Chudov\u00e1<\/strong>, <strong>Ani Kr\u00fdsov\u00e1<\/strong>, <strong>Fre\u010fa Prutkayov\u00e1<\/strong>, <strong>Johy Vr\u00e1tn\u00e1<\/strong><\/p>\n\n\n\n<p><br>V\u0161em d\u011bv\u010dat\u016fm i tren\u00e9r\u016fm moc gratulujeme.<\/p>\n\n\n\n<p>Fotky <a href=\"https:\/\/www.rajce.idnes.cz\/gkvitkovice\/album\/prebor-mesta-ostravy-2-11-2024\" target=\"_blank\" rel=\"noreferrer noopener\">ZDE<\/a><\/p>\n\n\n\n<p>V\u00fdsledky <a href=\"https:\/\/www.gymfed.cz\/data\/akce\/003\/491\/Prebor_mesta_Ostravy_2024-v%C3%BDsledky.pdf\" target=\"_blank\" rel=\"noreferrer noopener\">ZDE<\/a><\/p>\n\n\n\n<p><br><em>(Nikola Mlyn\u00e1\u0159ov\u00e1)<\/em><\/p>\n","protected":false},"excerpt":{"rendered":"<p><!-- wp:image {\"align\":\"center\",\"id\":6712,\"width\":384,\"height\":512,\"sizeSlug\":\"large\",\"linkDestination\":\"media\"} --><\/p>\n<div class=\"wp-block-image\">\n<figure class=\"aligncenter size-large is-resized\"><a href=\"https:\/\/gkvitkovice.cz\/wp-content\/uploads\/2024\/11\/IMG-20241103-WA0006.jpg\"><img loading=\"lazy\" src=\"https:\/\/gkvitkovice.cz\/wp-content\/uploads\/2024\/11\/IMG-20241103-WA0006-768x1024.jpg\" alt=\"\" class=\"wp-image-6712\" width=\"384\" height=\"512\" srcset=\"https:\/\/gkvitkovice.cz\/wp-content\/uploads\/2024\/11\/IMG-20241103-WA0006-768x1024.jpg 768w, https:\/\/gkvitkovice.cz\/wp-content\/uploads\/2024\/11\/IMG-20241103-WA0006-225x300.jpg 225w, https:\/\/gkvitkovice.cz\/wp-content\/uploads\/2024\/11\/IMG-20241103-WA0006-1152x1536.jpg 1152w, https:\/\/gkvitkovice.cz\/wp-content\/uploads\/2024\/11\/IMG-20241103-WA0006.jpg 1500w\" sizes=\"(max-width: 384px) 100vw, 384px\" \/><\/a><\/figure>\n<\/div>\n<p><!-- \/wp:image --><\/p>\n<p><!-- wp:paragraph --><\/p>\n<p>V sobotu 2. 11. 2024 se n\u00e1\u0161 odd\u00edl z\u00fa\u010dastnil m\u011bstsk\u00e9ho p\u0159eboru Ostrava, kter\u00fd po\u0159\u00e1dal T.J. Sokol Moravsk\u00e1 Ostrava 1. <\/p>\n","protected":false},"author":1,"featured_media":0,"comment_status":"closed","ping_status":"open","sticky":false,"template":"","format":"standard","meta":[],"categories":[19],"tags":[],"_links":{"self":[{"href":"https:\/\/gkvitkovice.cz\/index.php?rest_route=\/wp\/v2\/posts\/6711"}],"collection":[{"href":"https:\/\/gkvitkovice.cz\/index.php?rest_route=\/wp\/v2\/posts"}],"about":[{"href":"https:\/\/gkvitkovice.cz\/index.php?rest_route=\/wp\/v2\/types\/post"}],"author":[{"embeddable":true,"href":"https:\/\/gkvitkovice.cz\/index.php?rest_route=\/wp\/v2\/users\/1"}],"replies":[{"embeddable":true,"href":"https:\/\/gkvitkovice.cz\/index.php?rest_route=%2Fwp%2Fv2%2Fcomments&post=6711"}],"version-history":[{"count":1,"href":"https:\/\/gkvitkovice.cz\/index.php?rest_route=\/wp\/v2\/posts\/6711\/revisions"}],"predecessor-version":[{"id":6715,"href":"https:\/\/gkvitkovice.cz\/index.php?rest_route=\/wp\/v2\/posts\/6711\/revisions\/6715"}],"wp:attachment":[{"href":"https:\/\/gkvitkovice.cz\/index.php?rest_route=%2Fwp%2Fv2%2Fmedia&parent=6711"}],"wp:term":[{"taxonomy":"category","embeddable":true,"href":"https:\/\/gkvitkovice.cz\/index.php?rest_route=%2Fwp%2Fv2%2Fcategories&post=6711"},{"taxonomy":"post_tag","embeddable":true,"href":"https:\/\/gkvitkovice.cz\/index.php?rest_route=%2Fwp%2Fv2%2Ftags&post=6711"}],"curies":[{"name":"wp","href":"https:\/\/api.w.org\/{rel}","templated":true}]}}