{"id":6731,"date":"2024-11-13T13:25:49","date_gmt":"2024-11-13T13:25:49","guid":{"rendered":"https:\/\/gkvitkovice.cz\/?p=6731"},"modified":"2024-11-13T13:25:49","modified_gmt":"2024-11-13T13:25:49","slug":"8-medaili-z-continental-cupu-v-portugalsku","status":"publish","type":"post","link":"https:\/\/gkvitkovice.cz\/?p=6731","title":{"rendered":"8 medail\u00ed z Continental Cupu v Portugalsku"},"content":{"rendered":"\n<div class=\"wp-block-image\"><figure class=\"aligncenter size-large is-resized\"><a href=\"https:\/\/gkvitkovice.cz\/wp-content\/uploads\/2024\/11\/Obrazek-WhatsApp-2024-11-13-v-12.56.21_0435f7c3.jpg\"><img loading=\"lazy\" src=\"https:\/\/gkvitkovice.cz\/wp-content\/uploads\/2024\/11\/Obrazek-WhatsApp-2024-11-13-v-12.56.21_0435f7c3-484x1024.jpg\" alt=\"\" class=\"wp-image-6732\" width=\"242\" height=\"512\" srcset=\"https:\/\/gkvitkovice.cz\/wp-content\/uploads\/2024\/11\/Obrazek-WhatsApp-2024-11-13-v-12.56.21_0435f7c3-484x1024.jpg 484w, https:\/\/gkvitkovice.cz\/wp-content\/uploads\/2024\/11\/Obrazek-WhatsApp-2024-11-13-v-12.56.21_0435f7c3-142x300.jpg 142w, https:\/\/gkvitkovice.cz\/wp-content\/uploads\/2024\/11\/Obrazek-WhatsApp-2024-11-13-v-12.56.21_0435f7c3-727x1536.jpg 727w, https:\/\/gkvitkovice.cz\/wp-content\/uploads\/2024\/11\/Obrazek-WhatsApp-2024-11-13-v-12.56.21_0435f7c3.jpg 757w\" sizes=\"(max-width: 242px) 100vw, 242px\" \/><\/a><\/figure><\/div>\n\n\n\n<p>V portugalsk\u00e9 Anadii prob\u011bhl o v\u00edkendu 8. &#8211; 10. 11. 2024 za \u00fa\u010dasti 113 z\u00e1vodn\u00edk\u016f a z\u00e1vodnic z Francie, Irsk\u00e9 republiky, Japonska, Malty, Monaka, Nig\u00e9rie, Portugalska, Saudsk\u00e9 Ar\u00e1bie, Severn\u00edho Irska, Slovinska, \u0160panelska, \u0160v\u00fdcarska a \u010cesk\u00e9 republiky z\u00e1vod ve sportovn\u00ed gymnastice mu\u017e\u016f a \u017een Continental Cup 2024.<\/p>\n\n\n\n<p>Na\u0161e d\u011bv\u010data z\u00edskala celkem 8 medail\u00ed. V sout\u011b\u017ei dru\u017estev obsadilo na\u0161e dru\u017estvo ve slo\u017een\u00ed <strong>Ani\u010dka Kr\u00fdsov\u00e1<\/strong>, <strong>Johanka Vr\u00e1tn\u00e1<\/strong>, <strong>A\u010fa Chudov\u00e1<\/strong>, <strong>M\u00ed\u0161a Vavro\u0161ov\u00e1<\/strong> a <strong>Frederka Prutkayov\u00e1<\/strong> kr\u00e1sn\u00e9 2. m\u00edsto. V sout\u011b\u017ei jednotlivky\u0148 p\u0159idala Frederka zlatou medaili za celkov\u00e9 v\u00edt\u011bzstv\u00ed ve sv\u00e9 kategorii a zlatou medaili za bradla a prostn\u00e1. Dal\u0161\u00ed medaile z\u00edskala Ani\u010dka Kr\u00fdsov\u00e1, kter\u00e1 obsadila 2. m\u00edsto ve v\u00edceboji a na jednotliv\u00fdch n\u00e1\u0159ad\u00edch z\u00edskala zlatou medaili za kladinu a bronzov\u00e9 medaile za p\u0159eskok a prostn\u00e1.<\/p>\n\n\n\n<div class=\"wp-block-image\"><figure class=\"aligncenter size-large is-resized\"><a href=\"https:\/\/gkvitkovice.cz\/wp-content\/uploads\/2024\/11\/Obrazek-WhatsApp-2024-11-13-v-12.56.23_802eed6b.jpg\"><img loading=\"lazy\" src=\"https:\/\/gkvitkovice.cz\/wp-content\/uploads\/2024\/11\/Obrazek-WhatsApp-2024-11-13-v-12.56.23_802eed6b-1024x485.jpg\" alt=\"\" class=\"wp-image-6733\" width=\"512\" height=\"243\" srcset=\"https:\/\/gkvitkovice.cz\/wp-content\/uploads\/2024\/11\/Obrazek-WhatsApp-2024-11-13-v-12.56.23_802eed6b-1024x485.jpg 1024w, https:\/\/gkvitkovice.cz\/wp-content\/uploads\/2024\/11\/Obrazek-WhatsApp-2024-11-13-v-12.56.23_802eed6b-300x142.jpg 300w, https:\/\/gkvitkovice.cz\/wp-content\/uploads\/2024\/11\/Obrazek-WhatsApp-2024-11-13-v-12.56.23_802eed6b-768x363.jpg 768w, https:\/\/gkvitkovice.cz\/wp-content\/uploads\/2024\/11\/Obrazek-WhatsApp-2024-11-13-v-12.56.23_802eed6b-1536x727.jpg 1536w, https:\/\/gkvitkovice.cz\/wp-content\/uploads\/2024\/11\/Obrazek-WhatsApp-2024-11-13-v-12.56.23_802eed6b.jpg 2016w\" sizes=\"(max-width: 512px) 100vw, 512px\" \/><\/a><\/figure><\/div>\n\n\n\n<p>Kr\u00e1sn\u00fd a velmi dob\u0159e zorganizovan\u00fd z\u00e1vod byl p\u0159\u00edpravou na mistrovstv\u00ed \u010cR dru\u017estev, kter\u00e9 \u010dek\u00e1 d\u011bv\u010data 6. \u2013 8. 12. 2024. Ozdobou z\u00e1vodu byla medailistka z mistrovstv\u00ed sv\u011bta i Evropy Oksana Omelianchik, kter\u00e1 byla hlavn\u00ed rozhod\u010d\u00ed z\u00e1vodu \u017een a pod\u00edlela se na v\u0161ech vyhl\u00e1\u0161en\u00edch v\u00fdsledk\u016f.<\/p>\n\n\n\n<p>V\u0161em d\u011bv\u010dat\u016fm a tren\u00e9r\u016fm blahop\u0159ejeme a p\u0159ejeme hodn\u011b \u0161t\u011bst\u00ed v nadch\u00e1zej\u00edc\u00edch sout\u011b\u017e\u00edch dru\u017estev.<\/p>\n\n\n\n<p>Fotky <a href=\"https:\/\/www.rajce.idnes.cz\/gkvitkovice\/album\/continental-cup-8-10-11-2024-anadia-portugal\" target=\"_blank\" rel=\"noreferrer noopener\">ZDE<\/a><\/p>\n\n\n\n<p><em>(Sv\u011btlana Grmelov\u00e1)<\/em><\/p>\n","protected":false},"excerpt":{"rendered":"<p><!-- wp:image {\"align\":\"center\",\"id\":6732,\"width\":242,\"height\":512,\"sizeSlug\":\"large\",\"linkDestination\":\"media\"} --><\/p>\n<div class=\"wp-block-image\">\n<figure class=\"aligncenter size-large is-resized\"><a href=\"https:\/\/gkvitkovice.cz\/wp-content\/uploads\/2024\/11\/Obrazek-WhatsApp-2024-11-13-v-12.56.21_0435f7c3.jpg\"><img loading=\"lazy\" src=\"https:\/\/gkvitkovice.cz\/wp-content\/uploads\/2024\/11\/Obrazek-WhatsApp-2024-11-13-v-12.56.21_0435f7c3-484x1024.jpg\" alt=\"\" class=\"wp-image-6732\" width=\"242\" height=\"512\" srcset=\"https:\/\/gkvitkovice.cz\/wp-content\/uploads\/2024\/11\/Obrazek-WhatsApp-2024-11-13-v-12.56.21_0435f7c3-484x1024.jpg 484w, https:\/\/gkvitkovice.cz\/wp-content\/uploads\/2024\/11\/Obrazek-WhatsApp-2024-11-13-v-12.56.21_0435f7c3-142x300.jpg 142w, https:\/\/gkvitkovice.cz\/wp-content\/uploads\/2024\/11\/Obrazek-WhatsApp-2024-11-13-v-12.56.21_0435f7c3-727x1536.jpg 727w, https:\/\/gkvitkovice.cz\/wp-content\/uploads\/2024\/11\/Obrazek-WhatsApp-2024-11-13-v-12.56.21_0435f7c3.jpg 757w\" sizes=\"(max-width: 242px) 100vw, 242px\" \/><\/a><\/figure>\n<\/div>\n<p><!-- \/wp:image --><\/p>\n<p><!-- wp:paragraph --><\/p>\n<p>V portugalsk\u00e9 Anadii prob\u011bhl o v\u00edkendu 8. &#8211; 10. 11. 2024 za \u00fa\u010dasti 113 z\u00e1vodn\u00edk\u016f a z\u00e1vodnic z Francie, Irsk\u00e9 republiky, Japonska, Malty, Monaka, Nig\u00e9rie, Portugalska, Saudsk\u00e9 Ar\u00e1bie, Severn\u00edho Irska, Slovinska, \u0160panelska, \u0160v\u00fdcarska a \u010cesk\u00e9 republiky z\u00e1vod ve sportovn\u00ed gymnastice mu\u017e\u016f a \u017een Continental Cup 2024.<\/p>\n","protected":false},"author":1,"featured_media":0,"comment_status":"closed","ping_status":"open","sticky":false,"template":"","format":"standard","meta":[],"categories":[19],"tags":[],"_links":{"self":[{"href":"https:\/\/gkvitkovice.cz\/index.php?rest_route=\/wp\/v2\/posts\/6731"}],"collection":[{"href":"https:\/\/gkvitkovice.cz\/index.php?rest_route=\/wp\/v2\/posts"}],"about":[{"href":"https:\/\/gkvitkovice.cz\/index.php?rest_route=\/wp\/v2\/types\/post"}],"author":[{"embeddable":true,"href":"https:\/\/gkvitkovice.cz\/index.php?rest_route=\/wp\/v2\/users\/1"}],"replies":[{"embeddable":true,"href":"https:\/\/gkvitkovice.cz\/index.php?rest_route=%2Fwp%2Fv2%2Fcomments&post=6731"}],"version-history":[{"count":1,"href":"https:\/\/gkvitkovice.cz\/index.php?rest_route=\/wp\/v2\/posts\/6731\/revisions"}],"predecessor-version":[{"id":6734,"href":"https:\/\/gkvitkovice.cz\/index.php?rest_route=\/wp\/v2\/posts\/6731\/revisions\/6734"}],"wp:attachment":[{"href":"https:\/\/gkvitkovice.cz\/index.php?rest_route=%2Fwp%2Fv2%2Fmedia&parent=6731"}],"wp:term":[{"taxonomy":"category","embeddable":true,"href":"https:\/\/gkvitkovice.cz\/index.php?rest_route=%2Fwp%2Fv2%2Fcategories&post=6731"},{"taxonomy":"post_tag","embeddable":true,"href":"https:\/\/gkvitkovice.cz\/index.php?rest_route=%2Fwp%2Fv2%2Ftags&post=6731"}],"curies":[{"name":"wp","href":"https:\/\/api.w.org\/{rel}","templated":true}]}}