{"id":6750,"date":"2024-11-26T07:45:35","date_gmt":"2024-11-26T07:45:35","guid":{"rendered":"https:\/\/gkvitkovice.cz\/?p=6750"},"modified":"2024-11-26T07:45:36","modified_gmt":"2024-11-26T07:45:36","slug":"velky-uspech-nasich-gymnastek-na-preboru-moravskoslezskeho-kraje","status":"publish","type":"post","link":"https:\/\/gkvitkovice.cz\/?p=6750","title":{"rendered":"Velk\u00fd \u00fasp\u011bch na\u0161ich gymnastek na p\u0159eboru Moravskoslezsk\u00e9ho kraje!"},"content":{"rendered":"\n<div class=\"wp-block-image\"><figure class=\"aligncenter size-large is-resized\"><a href=\"https:\/\/gkvitkovice.cz\/wp-content\/uploads\/2024\/11\/2024_KP_podzim_079-scaled.jpg\"><img loading=\"lazy\" src=\"https:\/\/gkvitkovice.cz\/wp-content\/uploads\/2024\/11\/2024_KP_podzim_079-1024x683.jpg\" alt=\"\" class=\"wp-image-6751\" width=\"512\" height=\"342\" srcset=\"https:\/\/gkvitkovice.cz\/wp-content\/uploads\/2024\/11\/2024_KP_podzim_079-1024x683.jpg 1024w, https:\/\/gkvitkovice.cz\/wp-content\/uploads\/2024\/11\/2024_KP_podzim_079-300x200.jpg 300w, https:\/\/gkvitkovice.cz\/wp-content\/uploads\/2024\/11\/2024_KP_podzim_079-768x512.jpg 768w, https:\/\/gkvitkovice.cz\/wp-content\/uploads\/2024\/11\/2024_KP_podzim_079-1536x1024.jpg 1536w, https:\/\/gkvitkovice.cz\/wp-content\/uploads\/2024\/11\/2024_KP_podzim_079-2048x1365.jpg 2048w\" sizes=\"(max-width: 512px) 100vw, 512px\" \/><\/a><\/figure><\/div>\n\n\n\n<p>Na\u0161e sportovn\u00ed gymnastky dos\u00e1hly mimo\u0159\u00e1dn\u00e9ho \u00fasp\u011bchu na p\u0159eboru Moravskoslezsk\u00e9ho kraje II. \u2013 V. ligy, kter\u00fd se konal 22. 11. 2024 v Moravsk\u00e9 Ostrav\u011b. Uk\u00e1zaly sv\u016fj talent a ovl\u00e1dly v\u0161echny \u010dty\u0159i kategorie, vybojovaly zlat\u00e9 medaile a tituly p\u0159ebornic &#8211; II. liga (<strong>\u010cechov\u00e1<\/strong>, <strong>Kol\u00e1\u0159ov\u00e1<\/strong>, <strong>K\u0159i\u017eo\u0161\u010dakov\u00e1<\/strong>, <strong>Li\u0161kov\u00e1<\/strong>, <strong>Tesa\u0159ov\u00e1<\/strong>), III. liga (<strong>Friedrichov\u00e1<\/strong>, <strong>Hl\u00e1vkov\u00e1<\/strong>, <strong>Najdekov\u00e1<\/strong>, <strong>Novosadov\u00e1<\/strong>, <strong>Nykodymov\u00e1<\/strong>), IV. liga (<strong>Klosov\u00e1<\/strong>, <strong>Prouzov\u00e1<\/strong>, <strong>Such\u00e1<\/strong>, <strong>\u0160ilerov\u00e1<\/strong>), V. liga (<strong>\u00c1ghov\u00e1<\/strong>, <strong>Farn\u00edkov\u00e1<\/strong>, <strong>\u0160perl\u00ednov\u00e1<\/strong>, <strong>\u0160ulov\u00e1<\/strong>). Nav\u00edc v V. lize obsadily i skv\u011bl\u00e9 druh\u00e9 m\u00edsto (<strong>\u010c\u00ed\u017eov\u00e1<\/strong>, <strong>Havl\u00ed\u010dkov\u00e1<\/strong>, <strong>Je\u017ekov\u00e1<\/strong>, <strong>Kr\u00e1\u010dal\u00edkov\u00e1<\/strong>) a ve II. lize se um\u00edstily tak\u00e9 na bronzov\u00e9 p\u0159\u00ed\u010dce (<strong>Mlyn\u00e1\u0159ov\u00e1<\/strong>, <strong>Pape\u017eov\u00e1<\/strong>, <strong>\u0160krochov\u00e1<\/strong>, <strong>Ulehlov\u00e1<\/strong>, <strong>Vavro\u0161ov\u00e1<\/strong>).<\/p>\n\n\n\n<p>Radost ale t\u00edmto nekon\u010d\u00ed! V presti\u017en\u00ed II. lize na\u0161e v\u00edt\u011bzn\u00e9 dru\u017estvo postupuje s jistotou na Mistrovstv\u00ed \u010cesk\u00e9 republiky, kde zkus\u00ed zabojovat o nejvy\u0161\u0161\u00ed p\u0159\u00ed\u010dky. Te\u010f \u010dek\u00e1me na rozhodnut\u00ed o ud\u011blen\u00ed divok\u00e9 karty \u2013 pokud ji z\u00edsk\u00e1me, budou n\u00e1s na M\u010cR reprezentovat hned dv\u011b dru\u017estva.<\/p>\n\n\n\n<p>Leto\u0161n\u00ed Mistrovstv\u00ed \u010cesk\u00e9 republiky se bude konat ve dnech 6. &#8211; 8. 12. 2024. na \u010celadn\u00e9, kde se sjedou nejlep\u0161\u00ed gymnastky z \u010cesk\u00e9 republiky. Srde\u010dn\u011b zveme v\u0161echny fanou\u0161ky gymnastiky, aby p\u0159i\u0161li podpo\u0159it na\u0161e z\u00e1vodnice a za\u017eili atmosf\u00e9ru vrcholn\u00e9ho z\u00e1vodu sez\u00f3ny. Krom\u011b na\u0161ich gymnastek z II. ligy se na M\u010cR p\u0159edstav\u00ed i elitn\u00ed z\u00e1vodnice z I. ligy, kter\u00e9 na krajsk\u00e9m p\u0159eboru nez\u00e1vodily.<\/p>\n\n\n\n<p>P\u0159ij\u010fte fandit a podpo\u0159it na\u0161e gymnastky na jejich cest\u011b za dal\u0161\u00edm \u00fasp\u011bchem! D\u011bkujeme.<\/p>\n\n\n\n<p>Z\u00e1rove\u0148 bychom cht\u011bli pod\u011bkovat m\u011bstu Ostrava, obvodu Ostrava &#8211; Jih, Moravskoslezsk\u00e9mu kraji a N\u00e1rodn\u00ed sportovn\u00ed agentu\u0159e, kter\u00e9 finan\u010dn\u011b podporuj\u00ed GK V\u00edtkovice a p\u0159isp\u00edvaj\u00ed k rozvoji na\u0161eho klubu.\u00a0<\/p>\n\n\n\n<p>Samoz\u0159ejm\u011b d\u011bkujeme i v\u0161em na\u0161im dal\u0161\u00edm sponzor\u016fm &#8211; FESH FESH Group v.o.s., N\u00e1kupy d\u011btem, MASTER SPORT s.r.o., Diony Sports International s.r.o., Pie\u0161\u0165ansk\u00fd X-Force a.s., BUILD LINE s.r.o., SvarExpert s.r.o., PRAGES s.r.o. a V4 Legal, s.r.o..<\/p>\n\n\n\n<p>D\u011bkujeme tak\u00e9 na\u0161im tren\u00e9r\u016fm a rozhod\u010d\u00edm za usilovnou pr\u00e1ci.<\/p>\n\n\n\n<p>Fotky <a rel=\"noreferrer noopener\" href=\"https:\/\/www.rajce.idnes.cz\/gkvitkovice\/album\/krajsky-prebor-2024-ii-v-liga\" target=\"_blank\">ZDE<\/a><\/p>\n\n\n\n<p>V\u00fdsledky <a href=\"https:\/\/www.gymfed.cz\/vysledky\/detail\/3492\" target=\"_blank\" rel=\"noreferrer noopener\">ZDE<\/a><\/p>\n\n\n\n<p><em>(Gabriela Hynek, Monika Prutkayov\u00e1)<\/em><\/p>\n","protected":false},"excerpt":{"rendered":"<p><!-- wp:image {\"align\":\"center\",\"id\":6751,\"width\":512,\"height\":342,\"sizeSlug\":\"large\",\"linkDestination\":\"media\"} --><\/p>\n<div class=\"wp-block-image\">\n<figure class=\"aligncenter size-large is-resized\"><a href=\"https:\/\/gkvitkovice.cz\/wp-content\/uploads\/2024\/11\/2024_KP_podzim_079-scaled.jpg\"><img loading=\"lazy\" src=\"https:\/\/gkvitkovice.cz\/wp-content\/uploads\/2024\/11\/2024_KP_podzim_079-1024x683.jpg\" alt=\"\" class=\"wp-image-6751\" width=\"512\" height=\"342\" srcset=\"https:\/\/gkvitkovice.cz\/wp-content\/uploads\/2024\/11\/2024_KP_podzim_079-1024x683.jpg 1024w, https:\/\/gkvitkovice.cz\/wp-content\/uploads\/2024\/11\/2024_KP_podzim_079-300x200.jpg 300w, https:\/\/gkvitkovice.cz\/wp-content\/uploads\/2024\/11\/2024_KP_podzim_079-768x512.jpg 768w, https:\/\/gkvitkovice.cz\/wp-content\/uploads\/2024\/11\/2024_KP_podzim_079-1536x1024.jpg 1536w, https:\/\/gkvitkovice.cz\/wp-content\/uploads\/2024\/11\/2024_KP_podzim_079-2048x1365.jpg 2048w\" sizes=\"(max-width: 512px) 100vw, 512px\" \/><\/a><\/figure>\n<\/div>\n<p><!-- \/wp:image --><\/p>\n<p><!-- wp:paragraph --><\/p>\n<p>Na\u0161e sportovn\u00ed gymnastky dos\u00e1hly mimo\u0159\u00e1dn\u00e9ho \u00fasp\u011bchu na p\u0159eboru Moravskoslezsk\u00e9ho kraje II. \u2013 V. ligy, kter\u00fd se konal 22. 11. 2024 v Moravsk\u00e9 Ostrav\u011b.<\/p>\n","protected":false},"author":1,"featured_media":0,"comment_status":"closed","ping_status":"open","sticky":false,"template":"","format":"standard","meta":[],"categories":[19],"tags":[],"_links":{"self":[{"href":"https:\/\/gkvitkovice.cz\/index.php?rest_route=\/wp\/v2\/posts\/6750"}],"collection":[{"href":"https:\/\/gkvitkovice.cz\/index.php?rest_route=\/wp\/v2\/posts"}],"about":[{"href":"https:\/\/gkvitkovice.cz\/index.php?rest_route=\/wp\/v2\/types\/post"}],"author":[{"embeddable":true,"href":"https:\/\/gkvitkovice.cz\/index.php?rest_route=\/wp\/v2\/users\/1"}],"replies":[{"embeddable":true,"href":"https:\/\/gkvitkovice.cz\/index.php?rest_route=%2Fwp%2Fv2%2Fcomments&post=6750"}],"version-history":[{"count":2,"href":"https:\/\/gkvitkovice.cz\/index.php?rest_route=\/wp\/v2\/posts\/6750\/revisions"}],"predecessor-version":[{"id":6757,"href":"https:\/\/gkvitkovice.cz\/index.php?rest_route=\/wp\/v2\/posts\/6750\/revisions\/6757"}],"wp:attachment":[{"href":"https:\/\/gkvitkovice.cz\/index.php?rest_route=%2Fwp%2Fv2%2Fmedia&parent=6750"}],"wp:term":[{"taxonomy":"category","embeddable":true,"href":"https:\/\/gkvitkovice.cz\/index.php?rest_route=%2Fwp%2Fv2%2Fcategories&post=6750"},{"taxonomy":"post_tag","embeddable":true,"href":"https:\/\/gkvitkovice.cz\/index.php?rest_route=%2Fwp%2Fv2%2Ftags&post=6750"}],"curies":[{"name":"wp","href":"https:\/\/api.w.org\/{rel}","templated":true}]}}