{"id":6753,"date":"2024-11-26T07:30:16","date_gmt":"2024-11-26T07:30:16","guid":{"rendered":"https:\/\/gkvitkovice.cz\/?p=6753"},"modified":"2024-11-26T07:30:52","modified_gmt":"2024-11-26T07:30:52","slug":"memorial-jana-gajdose-2024","status":"publish","type":"post","link":"https:\/\/gkvitkovice.cz\/?p=6753","title":{"rendered":"Memori\u00e1l Jana Gajdo\u0161e 2024"},"content":{"rendered":"\n<div class=\"wp-block-image\"><figure class=\"aligncenter size-large is-resized\"><a href=\"https:\/\/gkvitkovice.cz\/wp-content\/uploads\/2024\/11\/WhatsApp-Image-2024-11-26-at-08.25.51.jpeg\"><img loading=\"lazy\" src=\"https:\/\/gkvitkovice.cz\/wp-content\/uploads\/2024\/11\/WhatsApp-Image-2024-11-26-at-08.25.51-1024x1015.jpeg\" alt=\"\" class=\"wp-image-6754\" width=\"512\" height=\"508\" srcset=\"https:\/\/gkvitkovice.cz\/wp-content\/uploads\/2024\/11\/WhatsApp-Image-2024-11-26-at-08.25.51-1024x1015.jpeg 1024w, https:\/\/gkvitkovice.cz\/wp-content\/uploads\/2024\/11\/WhatsApp-Image-2024-11-26-at-08.25.51-300x297.jpeg 300w, https:\/\/gkvitkovice.cz\/wp-content\/uploads\/2024\/11\/WhatsApp-Image-2024-11-26-at-08.25.51-150x150.jpeg 150w, https:\/\/gkvitkovice.cz\/wp-content\/uploads\/2024\/11\/WhatsApp-Image-2024-11-26-at-08.25.51-768x761.jpeg 768w, https:\/\/gkvitkovice.cz\/wp-content\/uploads\/2024\/11\/WhatsApp-Image-2024-11-26-at-08.25.51.jpeg 1170w\" sizes=\"(max-width: 512px) 100vw, 512px\" \/><\/a><\/figure><\/div>\n\n\n\n<p>Mezin\u00e1rodn\u00ed z\u00e1vod dru\u017estev\u00a0Memori\u00e1l Jana Gajdo\u0161e\u00a0prob\u011bhl 16. 11. 2024 v t\u011blocvi\u010dn\u011b TJ Sokol Brno I. <\/p>\n\n\n\n<p>Na\u0161e dru\u017estvo bylo slo\u017een\u00e9 z v\u00edtkovick\u00fdch gymnastek <strong>Adi Chudov\u00e9<\/strong>, <strong>Frederky Prutkayov\u00e9<\/strong>, <strong>Ani Ulehlov\u00e9<\/strong>, a z d\u016fvodu zran\u011bn\u00ed <strong>S\u00e1ry Novotn\u00e9<\/strong> bylo dopln\u011bno gymnastkou z \u010cesk\u00fdch Bud\u011bjovic Stellou \u0160tojdlovou. D\u011bv\u010data za\u0159adila do sv\u00fdch sestav nov\u00e9, obt\u00ed\u017en\u011bj\u0161\u00ed prvky a skoky, kter\u00e9 vy\u017eaduj\u00ed je\u0161t\u011b \u010das ke zdokonalen\u00ed a jistot\u011b. Nevyvarovala se tak p\u00e1r nezdar\u016fm, ale i p\u0159es to zanechala velmi p\u011bkn\u00fd dojem z p\u0159edveden\u00fdch v\u00fdkon\u016f. V siln\u00e9 konkurenci obsadila na\u0161e d\u011bv\u010data 8. m\u00edsto. <\/p>\n\n\n\n<p>D\u011bkujeme tren\u00e9r\u016fm za p\u0159\u00edpravu a d\u011bv\u010dat\u016fm p\u0159ejeme mnoho \u0161t\u011bst\u00ed v dal\u0161\u00edch sout\u011b\u017e\u00edch.<\/p>\n\n\n\n<p>V\u00fdsledky <a href=\"https:\/\/www.gymfed.cz\/vysledky\/detail\/3139?kategorie=10762\" target=\"_blank\" rel=\"noreferrer noopener\">ZDE<\/a><\/p>\n\n\n\n<p><em>(Monika Prutkayov\u00e1)<\/em><\/p>\n","protected":false},"excerpt":{"rendered":"<p><!-- wp:image {\"align\":\"center\",\"id\":6754,\"width\":512,\"height\":508,\"sizeSlug\":\"large\",\"linkDestination\":\"media\"} --><\/p>\n<div class=\"wp-block-image\">\n<figure class=\"aligncenter size-large is-resized\"><a href=\"https:\/\/gkvitkovice.cz\/wp-content\/uploads\/2024\/11\/WhatsApp-Image-2024-11-26-at-08.25.51.jpeg\"><img loading=\"lazy\" src=\"https:\/\/gkvitkovice.cz\/wp-content\/uploads\/2024\/11\/WhatsApp-Image-2024-11-26-at-08.25.51-1024x1015.jpeg\" alt=\"\" class=\"wp-image-6754\" width=\"512\" height=\"508\" srcset=\"https:\/\/gkvitkovice.cz\/wp-content\/uploads\/2024\/11\/WhatsApp-Image-2024-11-26-at-08.25.51-1024x1015.jpeg 1024w, https:\/\/gkvitkovice.cz\/wp-content\/uploads\/2024\/11\/WhatsApp-Image-2024-11-26-at-08.25.51-300x297.jpeg 300w, https:\/\/gkvitkovice.cz\/wp-content\/uploads\/2024\/11\/WhatsApp-Image-2024-11-26-at-08.25.51-150x150.jpeg 150w, https:\/\/gkvitkovice.cz\/wp-content\/uploads\/2024\/11\/WhatsApp-Image-2024-11-26-at-08.25.51-768x761.jpeg 768w, https:\/\/gkvitkovice.cz\/wp-content\/uploads\/2024\/11\/WhatsApp-Image-2024-11-26-at-08.25.51.jpeg 1170w\" sizes=\"(max-width: 512px) 100vw, 512px\" \/><\/a><\/figure>\n<\/div>\n<p><!-- \/wp:image --><\/p>\n<p><!-- wp:paragraph --><\/p>\n<p>Mezin\u00e1rodn\u00ed z\u00e1vod dru\u017estev\u00a0Memori\u00e1l Jana Gajdo\u0161e\u00a0prob\u011bhl 16. 11. 2024 v t\u011blocvi\u010dn\u011b TJ Sokol Brno I. <\/p>\n<p><!-- \/wp:paragraph --><\/p>\n","protected":false},"author":1,"featured_media":0,"comment_status":"closed","ping_status":"open","sticky":false,"template":"","format":"standard","meta":[],"categories":[19],"tags":[],"_links":{"self":[{"href":"https:\/\/gkvitkovice.cz\/index.php?rest_route=\/wp\/v2\/posts\/6753"}],"collection":[{"href":"https:\/\/gkvitkovice.cz\/index.php?rest_route=\/wp\/v2\/posts"}],"about":[{"href":"https:\/\/gkvitkovice.cz\/index.php?rest_route=\/wp\/v2\/types\/post"}],"author":[{"embeddable":true,"href":"https:\/\/gkvitkovice.cz\/index.php?rest_route=\/wp\/v2\/users\/1"}],"replies":[{"embeddable":true,"href":"https:\/\/gkvitkovice.cz\/index.php?rest_route=%2Fwp%2Fv2%2Fcomments&post=6753"}],"version-history":[{"count":2,"href":"https:\/\/gkvitkovice.cz\/index.php?rest_route=\/wp\/v2\/posts\/6753\/revisions"}],"predecessor-version":[{"id":6756,"href":"https:\/\/gkvitkovice.cz\/index.php?rest_route=\/wp\/v2\/posts\/6753\/revisions\/6756"}],"wp:attachment":[{"href":"https:\/\/gkvitkovice.cz\/index.php?rest_route=%2Fwp%2Fv2%2Fmedia&parent=6753"}],"wp:term":[{"taxonomy":"category","embeddable":true,"href":"https:\/\/gkvitkovice.cz\/index.php?rest_route=%2Fwp%2Fv2%2Fcategories&post=6753"},{"taxonomy":"post_tag","embeddable":true,"href":"https:\/\/gkvitkovice.cz\/index.php?rest_route=%2Fwp%2Fv2%2Ftags&post=6753"}],"curies":[{"name":"wp","href":"https:\/\/api.w.org\/{rel}","templated":true}]}}