{"id":6763,"date":"2024-12-05T08:57:01","date_gmt":"2024-12-05T08:57:01","guid":{"rendered":"https:\/\/gkvitkovice.cz\/?p=6763"},"modified":"2024-12-05T08:57:02","modified_gmt":"2024-12-05T08:57:02","slug":"setkani-s-primatorem-mesta-ostravy","status":"publish","type":"post","link":"https:\/\/gkvitkovice.cz\/?p=6763","title":{"rendered":"Setk\u00e1n\u00ed s prim\u00e1torem m\u011bsta Ostravy"},"content":{"rendered":"\n<div class=\"wp-block-image\"><figure class=\"aligncenter size-large is-resized\"><a href=\"https:\/\/gkvitkovice.cz\/wp-content\/uploads\/2024\/12\/DSC_0298.jpg\"><img loading=\"lazy\" src=\"https:\/\/gkvitkovice.cz\/wp-content\/uploads\/2024\/12\/DSC_0298-1024x682.jpg\" alt=\"\" class=\"wp-image-6764\" width=\"512\" height=\"341\" srcset=\"https:\/\/gkvitkovice.cz\/wp-content\/uploads\/2024\/12\/DSC_0298-1024x682.jpg 1024w, https:\/\/gkvitkovice.cz\/wp-content\/uploads\/2024\/12\/DSC_0298-300x200.jpg 300w, https:\/\/gkvitkovice.cz\/wp-content\/uploads\/2024\/12\/DSC_0298-768x512.jpg 768w, https:\/\/gkvitkovice.cz\/wp-content\/uploads\/2024\/12\/DSC_0298-1536x1024.jpg 1536w, https:\/\/gkvitkovice.cz\/wp-content\/uploads\/2024\/12\/DSC_0298.jpg 2000w\" sizes=\"(max-width: 512px) 100vw, 512px\" \/><\/a><\/figure><\/div>\n\n\n<p>Minul\u00fd t\u00fdden nav\u0161t\u00edvily na\u0161e nej\u00fasp\u011b\u0161n\u011bj\u0161\u00ed z\u00e1vodnice dal\u0161\u00ed osobnost \u2013 ve st\u0159edu 27. 11. 2024 se setkaly s prim\u00e1torem m\u011bsta Ostravy, panem Dohnalem. Setk\u00e1n\u00ed prob\u011bhlo na Nov\u00e9 radnici, d\u00edvky i tren\u00e9rky m\u011bly mo\u017enost pochlubit se sv\u00fdmi \u00fasp\u011bchy a osobn\u011b si popov\u00eddat s prim\u00e1torem m\u011bsta Ostravy. I zde obdr\u017eely kr\u00e1sn\u00e9 d\u00e1rky a nechyb\u011bla ani pam\u00e1te\u010dn\u00ed fotografie. Na z\u00e1v\u011br n\u00e1v\u0161t\u011bvy je pan prim\u00e1tor osobn\u011b doprovodil v\u00fdtahem na Vyhl\u00eddkovou v\u011b\u017e Nov\u00e9 radnice.<br \/>Ob\u011b tato inspirativn\u00ed setk\u00e1n\u00ed byla nejen pod\u011bkov\u00e1n\u00edm za sportovn\u00ed \u00fasp\u011bchy, ale tak\u00e9 motivac\u00ed do dal\u0161\u00ed pr\u00e1ce, jak pro sportovkyn\u011b, tak jejich tren\u00e9rky.<\/p>\n<p>Pozvan\u00e9 byly:<\/p>\n<p>&#8211; za gymnastiku: <strong>Chudov\u00e1<\/strong>, <strong>Kol\u00e1\u0159ov\u00e1<\/strong>, <strong>Kr\u00e1\u010dal\u00edkov\u00e1<\/strong>, <strong>Mlyn\u00e1\u0159ov\u00e1<\/strong>, <strong>Novotn\u00e1<\/strong>, <strong>Prouzov\u00e1<\/strong>, <strong>Prutkayov\u00e1<\/strong>, <strong>Such\u00e1<\/strong>, <strong>\u0160ilerov\u00e1<\/strong>, <strong>Ulehlov\u00e1<\/strong><\/p>\n<p>&#8211; za teamgym: <strong>Dobi\u00e1\u0161ov\u00e1<\/strong>, <strong>G\u0159e\u0161ov\u00e1<\/strong>, <strong>Hil\u0161erov\u00e1 S.<\/strong> a <strong>V.<\/strong>, <strong>Hynek<\/strong>, <strong>O\u017eanov\u00e1<\/strong>, <strong>Papou\u0161kov\u00e1<\/strong>, <strong>\u0160ustalov\u00e1<\/strong><\/p>\n<p>Fotky <a href=\"https:\/\/www.rajce.idnes.cz\/gkvitkovice\/album\/pozvani-primatora-p-dohnala-listopad-2024\">ZDE<\/a><\/p>\n<p><em>(Gabriela Hynek)<\/em><\/p>","protected":false},"excerpt":{"rendered":"<p><!-- wp:image {\"align\":\"center\",\"id\":6764,\"width\":512,\"height\":341,\"sizeSlug\":\"large\",\"linkDestination\":\"media\"} --><\/p>\n<div class=\"wp-block-image\">\n<figure class=\"aligncenter size-large is-resized\"><a href=\"https:\/\/gkvitkovice.cz\/wp-content\/uploads\/2024\/12\/DSC_0298.jpg\"><img loading=\"lazy\" src=\"https:\/\/gkvitkovice.cz\/wp-content\/uploads\/2024\/12\/DSC_0298-1024x682.jpg\" alt=\"\" class=\"wp-image-6764\" width=\"512\" height=\"341\" srcset=\"https:\/\/gkvitkovice.cz\/wp-content\/uploads\/2024\/12\/DSC_0298-1024x682.jpg 1024w, https:\/\/gkvitkovice.cz\/wp-content\/uploads\/2024\/12\/DSC_0298-300x200.jpg 300w, https:\/\/gkvitkovice.cz\/wp-content\/uploads\/2024\/12\/DSC_0298-768x512.jpg 768w, https:\/\/gkvitkovice.cz\/wp-content\/uploads\/2024\/12\/DSC_0298-1536x1024.jpg 1536w, https:\/\/gkvitkovice.cz\/wp-content\/uploads\/2024\/12\/DSC_0298.jpg 2000w\" sizes=\"(max-width: 512px) 100vw, 512px\" \/><\/a><\/figure>\n<\/div>\n<p><!-- \/wp:image --><\/p>\n<p>Minul\u00fd t\u00fdden nav\u0161t\u00edvily na\u0161e nej\u00fasp\u011b\u0161n\u011bj\u0161\u00ed z\u00e1vodnice dal\u0161\u00ed osobnost \u2013 ve st\u0159edu 27. 11. 2024 se setkaly s prim\u00e1torem m\u011bsta Ostravy, panem Dohnalem.<\/p>\n","protected":false},"author":1,"featured_media":0,"comment_status":"closed","ping_status":"open","sticky":false,"template":"","format":"standard","meta":[],"categories":[19],"tags":[],"_links":{"self":[{"href":"https:\/\/gkvitkovice.cz\/index.php?rest_route=\/wp\/v2\/posts\/6763"}],"collection":[{"href":"https:\/\/gkvitkovice.cz\/index.php?rest_route=\/wp\/v2\/posts"}],"about":[{"href":"https:\/\/gkvitkovice.cz\/index.php?rest_route=\/wp\/v2\/types\/post"}],"author":[{"embeddable":true,"href":"https:\/\/gkvitkovice.cz\/index.php?rest_route=\/wp\/v2\/users\/1"}],"replies":[{"embeddable":true,"href":"https:\/\/gkvitkovice.cz\/index.php?rest_route=%2Fwp%2Fv2%2Fcomments&post=6763"}],"version-history":[{"count":1,"href":"https:\/\/gkvitkovice.cz\/index.php?rest_route=\/wp\/v2\/posts\/6763\/revisions"}],"predecessor-version":[{"id":6765,"href":"https:\/\/gkvitkovice.cz\/index.php?rest_route=\/wp\/v2\/posts\/6763\/revisions\/6765"}],"wp:attachment":[{"href":"https:\/\/gkvitkovice.cz\/index.php?rest_route=%2Fwp%2Fv2%2Fmedia&parent=6763"}],"wp:term":[{"taxonomy":"category","embeddable":true,"href":"https:\/\/gkvitkovice.cz\/index.php?rest_route=%2Fwp%2Fv2%2Fcategories&post=6763"},{"taxonomy":"post_tag","embeddable":true,"href":"https:\/\/gkvitkovice.cz\/index.php?rest_route=%2Fwp%2Fv2%2Ftags&post=6763"}],"curies":[{"name":"wp","href":"https:\/\/api.w.org\/{rel}","templated":true}]}}