{"id":6841,"date":"2025-01-31T10:28:23","date_gmt":"2025-01-31T10:28:23","guid":{"rendered":"https:\/\/gkvitkovice.cz\/?p=6841"},"modified":"2025-03-11T12:35:55","modified_gmt":"2025-03-11T12:35:55","slug":"novorocni-pohar-2025","status":"publish","type":"post","link":"https:\/\/gkvitkovice.cz\/?p=6841","title":{"rendered":"Novoro\u010dn\u00ed poh\u00e1r 2025"},"content":{"rendered":"\n<div class=\"wp-block-image\"><figure class=\"aligncenter size-large is-resized\"><a href=\"https:\/\/gkvitkovice.cz\/wp-content\/uploads\/2025\/01\/IMG-20250125-WA0125.jpg\"><img loading=\"lazy\" src=\"https:\/\/gkvitkovice.cz\/wp-content\/uploads\/2025\/01\/IMG-20250125-WA0125-1024x768.jpg\" alt=\"\" class=\"wp-image-6842\" width=\"512\" height=\"384\" srcset=\"https:\/\/gkvitkovice.cz\/wp-content\/uploads\/2025\/01\/IMG-20250125-WA0125-1024x768.jpg 1024w, https:\/\/gkvitkovice.cz\/wp-content\/uploads\/2025\/01\/IMG-20250125-WA0125-300x225.jpg 300w, https:\/\/gkvitkovice.cz\/wp-content\/uploads\/2025\/01\/IMG-20250125-WA0125-768x576.jpg 768w, https:\/\/gkvitkovice.cz\/wp-content\/uploads\/2025\/01\/IMG-20250125-WA0125-1536x1152.jpg 1536w, https:\/\/gkvitkovice.cz\/wp-content\/uploads\/2025\/01\/IMG-20250125-WA0125.jpg 2000w\" sizes=\"(max-width: 512px) 100vw, 512px\" \/><\/a><\/figure><\/div>\n\n\n\n<p>V sobotu 25. 1. 2025 se na\u0161e d\u011bv\u010data z\u00fa\u010dastnila Novoro\u010dn\u00edho poh\u00e1ru ve Fren\u0161t\u00e1tu pod Radho\u0161t\u011bm.<\/p>\n\n\n\n<p><br>Holky startovaly v sedmi kategori\u00edch a z\u00e1vodilo se ve trojboji &#8211; prostn\u00e1, bradla a kladina.<\/p>\n\n\n\n<p><br>V kategorii VS5B se na 3. m\u00edst\u011b um\u00edstila <strong>\u0160krochov\u00e1 Krist\u00fdna<\/strong>, hned za n\u00ed 4. m\u00edst\u011b <strong>O\u017eanov\u00e1 Roz\u00e1lie<\/strong> a na 5. m\u00edst\u011b <strong>Sofie \u010cechov\u00e1<\/strong>.<\/p>\n\n\n\n<p><br>Na 1. m\u00edst\u011b v kategorii VS4B se um\u00edstila <strong>Mlyn\u00e1\u0159ov\u00e1 Lili<\/strong>, na 2. m\u00edst\u011b <strong>K\u0159i\u017eo\u0161\u010dakov\u00e1 S\u00e1ra<\/strong> a 10. <strong>Cig\u00e1nkov\u00e1 Sofie<\/strong>.<\/p>\n\n\n\n<p><br>1. m\u00edsto v kategorii VS4C si vybojovala <strong>Hil\u0161erov\u00e1 Sofie<\/strong> a hned za n\u00ed na 2. m\u00edst\u011b skon\u010dila <strong>\u0160ustalov\u00e1 Am\u00e9lie<\/strong>.<\/p>\n\n\n\n<p><br>Hezk\u00e9 6. m\u00edsto z\u00edskala <strong>Marika \u0160perl\u00ednov\u00e1<\/strong> v kategorii VS3C.<\/p>\n\n\n\n<p><br>V p\u00e1t\u00e9 lize se nejl\u00e9pe um\u00edstila <strong>Zara \u00c1ghov\u00e1<\/strong> na 2. m\u00edst\u011b, 7. <strong>Vivi Farn\u00edkov\u00e1<\/strong> a <strong>Maru\u0161 Je\u017ekov\u00e1<\/strong> 22.<\/p>\n\n\n\n<p><br>V osm\u00e9 kategorii startovala <strong>Nat\u00e1lka Rybov\u00e1<\/strong> a um\u00edstila se na 5. m\u00edst\u011b.<\/p>\n\n\n\n<p>1. m\u00edsto si v dev\u00e1t\u00e9 kategorii vybojovala <strong>Gizelka Ho\u0161kov\u00e1<\/strong> a hned za n\u00ed na 2. m\u00edst\u011b <strong>Prouzov\u00e1 Ad\u00e9lka<\/strong>. <strong>Krpel\u00edkov\u00e1 Vendulka <\/strong>byla 4., <strong>Such\u00e1 Ema<\/strong> 5. a <strong>Bern\u00e1tov\u00e1 Jul\u010da <\/strong>10.<\/p>\n\n\n\n<p>V\u0161em holk\u00e1m a tren\u00e9r\u016fm gratulujeme!<\/p>\n\n\n\n<p>Fotky <a href=\"https:\/\/www.rajce.idnes.cz\/gkvitkovice\/album\/novorocni-pohar-25-1-2025\" target=\"_blank\" rel=\"noreferrer noopener\">ZDE<\/a><\/p>\n\n\n\n<p>V\u00fdsledky <a href=\"https:\/\/www.gymfed.cz\/vysledky\/detail\/3516\" target=\"_blank\" rel=\"noreferrer noopener\">ZDE<\/a><\/p>\n\n\n\n<p><em>(Laura Smolecov\u00e1)<\/em><\/p>\n","protected":false},"excerpt":{"rendered":"<p><!-- wp:image {\"align\":\"center\",\"id\":6842,\"width\":512,\"height\":384,\"sizeSlug\":\"large\",\"linkDestination\":\"media\"} --><\/p>\n<div class=\"wp-block-image\">\n<figure class=\"aligncenter size-large is-resized\"><a href=\"https:\/\/gkvitkovice.cz\/wp-content\/uploads\/2025\/01\/IMG-20250125-WA0125.jpg\"><img loading=\"lazy\" src=\"https:\/\/gkvitkovice.cz\/wp-content\/uploads\/2025\/01\/IMG-20250125-WA0125-1024x768.jpg\" alt=\"\" class=\"wp-image-6842\" width=\"512\" height=\"384\" srcset=\"https:\/\/gkvitkovice.cz\/wp-content\/uploads\/2025\/01\/IMG-20250125-WA0125-1024x768.jpg 1024w, https:\/\/gkvitkovice.cz\/wp-content\/uploads\/2025\/01\/IMG-20250125-WA0125-300x225.jpg 300w, https:\/\/gkvitkovice.cz\/wp-content\/uploads\/2025\/01\/IMG-20250125-WA0125-768x576.jpg 768w, https:\/\/gkvitkovice.cz\/wp-content\/uploads\/2025\/01\/IMG-20250125-WA0125-1536x1152.jpg 1536w, https:\/\/gkvitkovice.cz\/wp-content\/uploads\/2025\/01\/IMG-20250125-WA0125.jpg 2000w\" sizes=\"(max-width: 512px) 100vw, 512px\" \/><\/a><\/figure>\n<\/div>\n<p><!-- \/wp:image --><\/p>\n<p><!-- wp:paragraph --><\/p>\n<p>V sobotu 25. 1. 2025 se na\u0161e d\u011bv\u010data z\u00fa\u010dastnila Novoro\u010dn\u00edho poh\u00e1ru ve Fren\u0161t\u00e1tu pod Radho\u0161t\u011bm.<\/p>\n","protected":false},"author":1,"featured_media":0,"comment_status":"closed","ping_status":"open","sticky":false,"template":"","format":"standard","meta":[],"categories":[20],"tags":[],"_links":{"self":[{"href":"https:\/\/gkvitkovice.cz\/index.php?rest_route=\/wp\/v2\/posts\/6841"}],"collection":[{"href":"https:\/\/gkvitkovice.cz\/index.php?rest_route=\/wp\/v2\/posts"}],"about":[{"href":"https:\/\/gkvitkovice.cz\/index.php?rest_route=\/wp\/v2\/types\/post"}],"author":[{"embeddable":true,"href":"https:\/\/gkvitkovice.cz\/index.php?rest_route=\/wp\/v2\/users\/1"}],"replies":[{"embeddable":true,"href":"https:\/\/gkvitkovice.cz\/index.php?rest_route=%2Fwp%2Fv2%2Fcomments&post=6841"}],"version-history":[{"count":2,"href":"https:\/\/gkvitkovice.cz\/index.php?rest_route=\/wp\/v2\/posts\/6841\/revisions"}],"predecessor-version":[{"id":6921,"href":"https:\/\/gkvitkovice.cz\/index.php?rest_route=\/wp\/v2\/posts\/6841\/revisions\/6921"}],"wp:attachment":[{"href":"https:\/\/gkvitkovice.cz\/index.php?rest_route=%2Fwp%2Fv2%2Fmedia&parent=6841"}],"wp:term":[{"taxonomy":"category","embeddable":true,"href":"https:\/\/gkvitkovice.cz\/index.php?rest_route=%2Fwp%2Fv2%2Fcategories&post=6841"},{"taxonomy":"post_tag","embeddable":true,"href":"https:\/\/gkvitkovice.cz\/index.php?rest_route=%2Fwp%2Fv2%2Ftags&post=6841"}],"curies":[{"name":"wp","href":"https:\/\/api.w.org\/{rel}","templated":true}]}}