{"id":6844,"date":"2025-02-02T08:03:35","date_gmt":"2025-02-02T08:03:35","guid":{"rendered":"https:\/\/gkvitkovice.cz\/?p=6844"},"modified":"2025-02-02T08:04:04","modified_gmt":"2025-02-02T08:04:04","slug":"memorial-vojtecha-braziny-2025","status":"publish","type":"post","link":"https:\/\/gkvitkovice.cz\/?p=6844","title":{"rendered":"Memori\u00e1l Vojt\u011bcha Bra\u017einy 2025"},"content":{"rendered":"\n<div class=\"wp-block-image\"><figure class=\"aligncenter size-large is-resized\"><a href=\"https:\/\/gkvitkovice.cz\/wp-content\/uploads\/2025\/02\/IMG_20250126_110206.jpg\"><img loading=\"lazy\" src=\"https:\/\/gkvitkovice.cz\/wp-content\/uploads\/2025\/02\/IMG_20250126_110206-1024x768.jpg\" alt=\"\" class=\"wp-image-6845\" width=\"512\" height=\"384\" srcset=\"https:\/\/gkvitkovice.cz\/wp-content\/uploads\/2025\/02\/IMG_20250126_110206-1024x768.jpg 1024w, https:\/\/gkvitkovice.cz\/wp-content\/uploads\/2025\/02\/IMG_20250126_110206-300x225.jpg 300w, https:\/\/gkvitkovice.cz\/wp-content\/uploads\/2025\/02\/IMG_20250126_110206-768x576.jpg 768w, https:\/\/gkvitkovice.cz\/wp-content\/uploads\/2025\/02\/IMG_20250126_110206-1536x1152.jpg 1536w, https:\/\/gkvitkovice.cz\/wp-content\/uploads\/2025\/02\/IMG_20250126_110206.jpg 2000w\" sizes=\"(max-width: 512px) 100vw, 512px\" \/><\/a><\/figure><\/div>\n\n\n<p>Pro n\u011bkter\u00e1 d\u011bv\u010data byl cel\u00fd minul\u00fd v\u00edkend z\u00e1vodn\u00ed. V sobotu 25. 1. 2025 jsme se z\u00fa\u010dastnily Novoro\u010dn\u00edho poh\u00e1ru a v ned\u011bli 26. 1. 2025 Memori\u00e1lu Vojt\u011bcha Bra\u017einy ve Fren\u0161t\u00e1t\u011b pod Radho\u0161t\u011bm.<\/p>\n<p>V ned\u011bli jsme m\u011bly zastoupen\u00ed pouze v I. kategorii ro\u010dn\u00edk 2018-2019, kde d\u011bv\u010data z\u00e1vodila v trojboji na lavi\u010dce, prostn\u00fdch a p\u0159eskoku.<\/p>\n<p>Nejl\u00e9pe si tentokr\u00e1t vedla <strong>Vendulka Krpel\u00edkov\u00e1<\/strong>, kter\u00e1 se um\u00edstila na 2. m\u00edst\u011b,<strong> Ad\u00e9lka Prouzov\u00e1<\/strong> 3. m\u00edsto, <strong>Gizelka Ho\u0161kov\u00e1<\/strong> 4. m\u00edsto, <strong>Emi\u010dka Such\u00e1<\/strong> 5. m\u00edsto a <strong>Julinka Bern\u00e1tov\u00e1<\/strong> 7. m\u00edsto<\/p>\n<p>D\u011bv\u010dat\u016fm moc gratulujeme a d\u011bkujeme Fren\u0161t\u00e1tu, \u017ee jsme se tohoto z\u00e1vodu mohly z\u00fa\u010dastnit.<\/p>\n<p>Fotky <a href=\"https:\/\/www.rajce.idnes.cz\/gkvitkovice\/album\/memorial-vojtecha-braziny-26-1-2025\" target=\"_blank\" rel=\"noopener\">ZDE<\/a><\/p>\n<p>V\u00fdsledky <a href=\"https:\/\/www.gymfed.cz\/vysledky\/detail\/3571?kategorie=11025\" target=\"_blank\" rel=\"noopener\">ZDE<\/a><\/p>\n<p><em>(Nikola Mlyn\u00e1\u0159ov\u00e1)<\/em><\/p>","protected":false},"excerpt":{"rendered":"<p><!-- wp:image {\"align\":\"center\",\"id\":6845,\"width\":512,\"height\":384,\"sizeSlug\":\"large\",\"linkDestination\":\"media\"} --><\/p>\n<div class=\"wp-block-image\">\n<figure class=\"aligncenter size-large is-resized\"><a href=\"https:\/\/gkvitkovice.cz\/wp-content\/uploads\/2025\/02\/IMG_20250126_110206.jpg\"><img loading=\"lazy\" src=\"https:\/\/gkvitkovice.cz\/wp-content\/uploads\/2025\/02\/IMG_20250126_110206-1024x768.jpg\" alt=\"\" class=\"wp-image-6845\" width=\"512\" height=\"384\" srcset=\"https:\/\/gkvitkovice.cz\/wp-content\/uploads\/2025\/02\/IMG_20250126_110206-1024x768.jpg 1024w, https:\/\/gkvitkovice.cz\/wp-content\/uploads\/2025\/02\/IMG_20250126_110206-300x225.jpg 300w, https:\/\/gkvitkovice.cz\/wp-content\/uploads\/2025\/02\/IMG_20250126_110206-768x576.jpg 768w, https:\/\/gkvitkovice.cz\/wp-content\/uploads\/2025\/02\/IMG_20250126_110206-1536x1152.jpg 1536w, https:\/\/gkvitkovice.cz\/wp-content\/uploads\/2025\/02\/IMG_20250126_110206.jpg 2000w\" sizes=\"(max-width: 512px) 100vw, 512px\" \/><\/a><\/figure>\n<\/div>\n<p><!-- \/wp:image --><\/p>\n<p>Pro n\u011bkter\u00e1 d\u011bv\u010data byl cel\u00fd minul\u00fd v\u00edkend z\u00e1vodn\u00ed. V sobotu 25. 1. 2025 jsme se z\u00fa\u010dastnily Novoro\u010dn\u00edho poh\u00e1ru a v ned\u011bli 26. 1. 2025 Memori\u00e1lu Vojt\u011bcha Bra\u017einy ve Fren\u0161t\u00e1t\u011b pod Radho\u0161t\u011bm.<\/p>\n","protected":false},"author":1,"featured_media":0,"comment_status":"closed","ping_status":"open","sticky":false,"template":"","format":"standard","meta":[],"categories":[20],"tags":[],"_links":{"self":[{"href":"https:\/\/gkvitkovice.cz\/index.php?rest_route=\/wp\/v2\/posts\/6844"}],"collection":[{"href":"https:\/\/gkvitkovice.cz\/index.php?rest_route=\/wp\/v2\/posts"}],"about":[{"href":"https:\/\/gkvitkovice.cz\/index.php?rest_route=\/wp\/v2\/types\/post"}],"author":[{"embeddable":true,"href":"https:\/\/gkvitkovice.cz\/index.php?rest_route=\/wp\/v2\/users\/1"}],"replies":[{"embeddable":true,"href":"https:\/\/gkvitkovice.cz\/index.php?rest_route=%2Fwp%2Fv2%2Fcomments&post=6844"}],"version-history":[{"count":2,"href":"https:\/\/gkvitkovice.cz\/index.php?rest_route=\/wp\/v2\/posts\/6844\/revisions"}],"predecessor-version":[{"id":6847,"href":"https:\/\/gkvitkovice.cz\/index.php?rest_route=\/wp\/v2\/posts\/6844\/revisions\/6847"}],"wp:attachment":[{"href":"https:\/\/gkvitkovice.cz\/index.php?rest_route=%2Fwp%2Fv2%2Fmedia&parent=6844"}],"wp:term":[{"taxonomy":"category","embeddable":true,"href":"https:\/\/gkvitkovice.cz\/index.php?rest_route=%2Fwp%2Fv2%2Fcategories&post=6844"},{"taxonomy":"post_tag","embeddable":true,"href":"https:\/\/gkvitkovice.cz\/index.php?rest_route=%2Fwp%2Fv2%2Ftags&post=6844"}],"curies":[{"name":"wp","href":"https:\/\/api.w.org\/{rel}","templated":true}]}}