{"id":6901,"date":"2025-02-17T10:30:02","date_gmt":"2025-02-17T10:30:02","guid":{"rendered":"https:\/\/gkvitkovice.cz\/?p=6901"},"modified":"2025-02-17T10:30:03","modified_gmt":"2025-02-17T10:30:03","slug":"novorocni-pohar-ve-frenstate-skvely-start-do-gymnasticke-sezony","status":"publish","type":"post","link":"https:\/\/gkvitkovice.cz\/?p=6901","title":{"rendered":"Novoro\u010dn\u00ed poh\u00e1r ve Fren\u0161t\u00e1t\u011b: Skv\u011bl\u00fd start do gymnastick\u00e9 sez\u00f3ny"},"content":{"rendered":"\n<div class=\"wp-block-image\"><figure class=\"aligncenter size-large is-resized\"><a href=\"https:\/\/gkvitkovice.cz\/wp-content\/uploads\/2025\/02\/493A0503-scaled.jpg\"><img loading=\"lazy\" src=\"https:\/\/gkvitkovice.cz\/wp-content\/uploads\/2025\/02\/493A0503-1024x683.jpg\" alt=\"\" class=\"wp-image-6902\" width=\"512\" height=\"342\" srcset=\"https:\/\/gkvitkovice.cz\/wp-content\/uploads\/2025\/02\/493A0503-1024x683.jpg 1024w, https:\/\/gkvitkovice.cz\/wp-content\/uploads\/2025\/02\/493A0503-300x200.jpg 300w, https:\/\/gkvitkovice.cz\/wp-content\/uploads\/2025\/02\/493A0503-768x512.jpg 768w, https:\/\/gkvitkovice.cz\/wp-content\/uploads\/2025\/02\/493A0503-1536x1024.jpg 1536w, https:\/\/gkvitkovice.cz\/wp-content\/uploads\/2025\/02\/493A0503-2048x1365.jpg 2048w\" sizes=\"(max-width: 512px) 100vw, 512px\" \/><\/a><\/figure><\/div>\n\n\n\n<p>Dne 25. ledna 2025 prob\u011bhl ve Fren\u0161t\u00e1t\u011b pod Radho\u0161t\u011bm gymnastick\u00fd z\u00e1vod\u00a0<strong>Novoro\u010dn\u00ed poh\u00e1r<\/strong>. Z\u00e1vodnice se utkaly v trojboji\u00a0zahrnuj\u00edc\u00edm p\u0159eskok, bradla a prostn\u00e1.<\/p>\n\n\n\n<p>My jsme m\u011bli zastoupen\u00ed hned v\u00a0<strong>sedmi kategori\u00edch<\/strong>, p\u0159edvedly se jak nejmlad\u0161\u00ed gymnastky, tak zku\u0161en\u00e9 \u017eeny. V\u00fdsledky byly skv\u011bl\u00e9, na\u0161e d\u011bv\u010data si odnesla hned\u00a0<strong>t\u0159i zlat\u00e9 (Ho\u0161kov\u00e1 G., Hil\u0161erov\u00e1 S., Mlyn\u00e1\u0159ov\u00e1 L.), \u010dty\u0159i st\u0159\u00edbrn\u00e9 (Prouzov\u00e1 A., \u00c1ghov\u00e1 Z., \u0160ustalov\u00e1 A., K\u0159i\u017eo\u0161\u010dakov\u00e1 S.)\u00a0a jednu bronzovou medaili<\/strong>\u00a0<strong>(\u0160krochov\u00e1 K.)<\/strong>.<\/p>\n\n\n\n<p>Leto\u0161n\u00ed ro\u010dn\u00edk byl v\u00fdjime\u010dn\u00fd i t\u00edm, \u017ee se poprv\u00e9 konal v nov\u00e9\u00a0Sportovn\u00ed hale Fren\u0161t\u00e1t, kter\u00e1 poskytla ide\u00e1ln\u00ed z\u00e1zem\u00ed pro z\u00e1vodn\u00ed atmosf\u00e9ru a sportovn\u00ed v\u00fdkony. D\u011bkujeme po\u0159adatel\u016fm za skv\u011ble zorganizovan\u00fd z\u00e1vod a v\u0161em gymnastk\u00e1m p\u0159ejeme mnoho \u00fasp\u011bch\u016f v nadch\u00e1zej\u00edc\u00ed sez\u00f3n\u011b!<\/p>\n\n\n\n<p>Fotky <a href=\"https:\/\/www.rajce.idnes.cz\/gkvitkovice\/album\/novorocni-pohar-25-1-2025\" target=\"_blank\" rel=\"noreferrer noopener\">ZDE<\/a><\/p>\n\n\n\n<p>V\u00fdsledky <a href=\"https:\/\/www.gymfed.cz\/vysledky\/detail\/3516\" target=\"_blank\" rel=\"noreferrer noopener\">ZDE<\/a><\/p>\n\n\n\n<p><em>(Gabriela Hynek)<\/em><\/p>\n","protected":false},"excerpt":{"rendered":"<p><!-- wp:image {\"align\":\"center\",\"id\":6902,\"width\":512,\"height\":342,\"sizeSlug\":\"large\",\"linkDestination\":\"media\"} --><\/p>\n<div class=\"wp-block-image\">\n<figure class=\"aligncenter size-large is-resized\"><a href=\"https:\/\/gkvitkovice.cz\/wp-content\/uploads\/2025\/02\/493A0503-scaled.jpg\"><img loading=\"lazy\" src=\"https:\/\/gkvitkovice.cz\/wp-content\/uploads\/2025\/02\/493A0503-1024x683.jpg\" alt=\"\" class=\"wp-image-6902\" width=\"512\" height=\"342\" srcset=\"https:\/\/gkvitkovice.cz\/wp-content\/uploads\/2025\/02\/493A0503-1024x683.jpg 1024w, https:\/\/gkvitkovice.cz\/wp-content\/uploads\/2025\/02\/493A0503-300x200.jpg 300w, https:\/\/gkvitkovice.cz\/wp-content\/uploads\/2025\/02\/493A0503-768x512.jpg 768w, https:\/\/gkvitkovice.cz\/wp-content\/uploads\/2025\/02\/493A0503-1536x1024.jpg 1536w, https:\/\/gkvitkovice.cz\/wp-content\/uploads\/2025\/02\/493A0503-2048x1365.jpg 2048w\" sizes=\"(max-width: 512px) 100vw, 512px\" \/><\/a><\/figure>\n<\/div>\n<p><!-- \/wp:image --><\/p>\n<p><!-- wp:paragraph --><\/p>\n<p>Dne 25. ledna 2025 prob\u011bhl ve Fren\u0161t\u00e1t\u011b pod Radho\u0161t\u011bm gymnastick\u00fd z\u00e1vod\u00a0<strong>Novoro\u010dn\u00ed poh\u00e1r<\/strong>.<\/p>\n","protected":false},"author":1,"featured_media":0,"comment_status":"closed","ping_status":"open","sticky":false,"template":"","format":"standard","meta":[],"categories":[20],"tags":[],"_links":{"self":[{"href":"https:\/\/gkvitkovice.cz\/index.php?rest_route=\/wp\/v2\/posts\/6901"}],"collection":[{"href":"https:\/\/gkvitkovice.cz\/index.php?rest_route=\/wp\/v2\/posts"}],"about":[{"href":"https:\/\/gkvitkovice.cz\/index.php?rest_route=\/wp\/v2\/types\/post"}],"author":[{"embeddable":true,"href":"https:\/\/gkvitkovice.cz\/index.php?rest_route=\/wp\/v2\/users\/1"}],"replies":[{"embeddable":true,"href":"https:\/\/gkvitkovice.cz\/index.php?rest_route=%2Fwp%2Fv2%2Fcomments&post=6901"}],"version-history":[{"count":1,"href":"https:\/\/gkvitkovice.cz\/index.php?rest_route=\/wp\/v2\/posts\/6901\/revisions"}],"predecessor-version":[{"id":6903,"href":"https:\/\/gkvitkovice.cz\/index.php?rest_route=\/wp\/v2\/posts\/6901\/revisions\/6903"}],"wp:attachment":[{"href":"https:\/\/gkvitkovice.cz\/index.php?rest_route=%2Fwp%2Fv2%2Fmedia&parent=6901"}],"wp:term":[{"taxonomy":"category","embeddable":true,"href":"https:\/\/gkvitkovice.cz\/index.php?rest_route=%2Fwp%2Fv2%2Fcategories&post=6901"},{"taxonomy":"post_tag","embeddable":true,"href":"https:\/\/gkvitkovice.cz\/index.php?rest_route=%2Fwp%2Fv2%2Ftags&post=6901"}],"curies":[{"name":"wp","href":"https:\/\/api.w.org\/{rel}","templated":true}]}}