{"id":6905,"date":"2025-03-03T15:21:43","date_gmt":"2025-03-03T15:21:43","guid":{"rendered":"https:\/\/gkvitkovice.cz\/?p=6905"},"modified":"2025-03-03T15:23:19","modified_gmt":"2025-03-03T15:23:19","slug":"zlaty-stit-2025","status":"publish","type":"post","link":"https:\/\/gkvitkovice.cz\/?p=6905","title":{"rendered":"Zlat\u00fd \u0161t\u00edt 2025"},"content":{"rendered":"\n<div class=\"wp-block-image\"><figure class=\"aligncenter size-large is-resized\"><a href=\"https:\/\/gkvitkovice.cz\/wp-content\/uploads\/2025\/03\/male-Zarka.jpg\"><img loading=\"lazy\" src=\"https:\/\/gkvitkovice.cz\/wp-content\/uploads\/2025\/03\/male-Zarka.jpg\" alt=\"\" class=\"wp-image-6906\" width=\"375\" height=\"500\" srcset=\"https:\/\/gkvitkovice.cz\/wp-content\/uploads\/2025\/03\/male-Zarka.jpg 750w, https:\/\/gkvitkovice.cz\/wp-content\/uploads\/2025\/03\/male-Zarka-225x300.jpg 225w\" sizes=\"(max-width: 375px) 100vw, 375px\" \/><\/a><\/figure><\/div>\n\n\n\n<p>Ji\u017e 50. ro\u010dn\u00edk tradi\u010dn\u00edho z\u00e1vodu Zlat\u00fd \u0161t\u00edt po\u0159\u00e1dal odd\u00edl TJ VOKD Ostrava-Poruba tentokr\u00e1t v hale na Varensk\u00e9 ul., kter\u00e9ho se z\u00fa\u010dastnil velk\u00fd po\u010det z\u00e1vodnic. Z\u00e1vodnice byly vyhl\u00e1\u0161eny do 6. m\u00edsta a bonusem tohoto z\u00e1vodu b\u00fdv\u00e1 tak\u00e9 vyhl\u00e1\u0161en\u00ed tren\u00e9r\u016f prvn\u00edch t\u0159ech z\u00e1vodnic.&nbsp;<\/p>\n\n\n\n<figure class=\"wp-block-gallery columns-3 is-cropped\"><ul class=\"blocks-gallery-grid\"><li class=\"blocks-gallery-item\"><figure><a href=\"https:\/\/gkvitkovice.cz\/wp-content\/uploads\/2025\/03\/Liliana.jpg\"><img loading=\"lazy\" width=\"750\" height=\"1000\" src=\"https:\/\/gkvitkovice.cz\/wp-content\/uploads\/2025\/03\/Liliana.jpg\" alt=\"\" data-id=\"6908\" class=\"wp-image-6908\" srcset=\"https:\/\/gkvitkovice.cz\/wp-content\/uploads\/2025\/03\/Liliana.jpg 750w, https:\/\/gkvitkovice.cz\/wp-content\/uploads\/2025\/03\/Liliana-225x300.jpg 225w\" sizes=\"(max-width: 750px) 100vw, 750px\" \/><\/a><\/figure><\/li><li class=\"blocks-gallery-item\"><figure><a href=\"https:\/\/gkvitkovice.cz\/wp-content\/uploads\/2025\/03\/Any.jpg\"><img loading=\"lazy\" width=\"1000\" height=\"563\" src=\"https:\/\/gkvitkovice.cz\/wp-content\/uploads\/2025\/03\/Any.jpg\" alt=\"\" data-id=\"6909\" data-link=\"https:\/\/gkvitkovice.cz\/?attachment_id=6909\" class=\"wp-image-6909\" srcset=\"https:\/\/gkvitkovice.cz\/wp-content\/uploads\/2025\/03\/Any.jpg 1000w, https:\/\/gkvitkovice.cz\/wp-content\/uploads\/2025\/03\/Any-300x169.jpg 300w, https:\/\/gkvitkovice.cz\/wp-content\/uploads\/2025\/03\/Any-768x432.jpg 768w\" sizes=\"(max-width: 1000px) 100vw, 1000px\" \/><\/a><\/figure><\/li><li class=\"blocks-gallery-item\"><figure><a href=\"https:\/\/gkvitkovice.cz\/wp-content\/uploads\/2025\/03\/Terka-1.jpg\"><img loading=\"lazy\" width=\"1000\" height=\"750\" src=\"https:\/\/gkvitkovice.cz\/wp-content\/uploads\/2025\/03\/Terka-1.jpg\" alt=\"\" data-id=\"6910\" data-full-url=\"https:\/\/gkvitkovice.cz\/wp-content\/uploads\/2025\/03\/Terka-1.jpg\" data-link=\"https:\/\/gkvitkovice.cz\/?attachment_id=6910\" class=\"wp-image-6910\" srcset=\"https:\/\/gkvitkovice.cz\/wp-content\/uploads\/2025\/03\/Terka-1.jpg 1000w, https:\/\/gkvitkovice.cz\/wp-content\/uploads\/2025\/03\/Terka-1-300x225.jpg 300w, https:\/\/gkvitkovice.cz\/wp-content\/uploads\/2025\/03\/Terka-1-768x576.jpg 768w\" sizes=\"(max-width: 1000px) 100vw, 1000px\" \/><\/a><\/figure><\/li><\/ul><\/figure>\n\n\n\n<p>Um\u00edst\u011bn\u00ed v\u00edtkovick\u00fdch gymnastek:<\/p>\n\n\n\n<ul><li>za\u010d\u00ednaj\u00edc\u00ed \u017e\u00e1kyn\u011b &#8211; 4. <strong>Havl\u00ed\u010dkov\u00e1 Viktorie<\/strong>, 5. m\u00edsto <strong>\u0160ulov\u00e1 Ag\u00e1ta<\/strong>, 7. <strong>\u010c\u00ed\u017eov\u00e1 Jolana<\/strong>, 9. <strong>Lochman Layla<\/strong>, 12. <strong>Krpel\u00edkov\u00e1 Vendula<\/strong>, 16. <strong>Rybov\u00e1 Nat\u00e1lie<\/strong>, 22. <strong>Ho\u0161kov\u00e1 Gizela\u00a0<\/strong><\/li><li>mlad\u0161\u00ed \u017e\u00e1kyn\u011b &#8211; 1. <strong>Prouzov\u00e1 Tereza<\/strong>, 5. <strong>Such\u00e1 Liliana<\/strong>, 7. <strong>\u0160ilerov\u00e1 Elen<\/strong>, 10. <strong>\u0160perl\u00ednov\u00e1 Marika<\/strong>, 18. <strong>Kr\u00e1\u010dal\u00edkov\u00e1 Barbora<\/strong><\/li><li>\u017e\u00e1kyn\u011b VS4B &#8211; 2. <strong>Ulehlov\u00e1 Anna<\/strong>, 6. <strong>Klosov\u00e1 Ag\u00e1ta<\/strong>, 13. <strong>Cig\u00e1nkov\u00e1 Inna<\/strong>, 18. <strong>Cig\u00e1nkov\u00e1 Sofie<\/strong>\u00a0<\/li><li>\u017e\u00e1kyn\u011b &#8211; 1. <strong>\u00c1ghov\u00e1 Zara<\/strong>, 7. <strong>Leinonen Aura<\/strong>, 12. <strong>Je\u017ekov\u00e1 Marie Anna<\/strong><\/li><li>Juniorky B &#8211; 2. <strong>Mlyn\u00e1\u0159ov\u00e1 Liliana<\/strong>, 4. <strong>\u0160krochov\u00e1 Krist\u00fdna<\/strong>, 5. <strong>Li\u0161kov\u00e1 Lucie<\/strong><\/li><\/ul>\n\n\n\n<p>Gratulujeme!<\/p>\n\n\n\n<p>V\u00fdsledky <a href=\"https:\/\/www.gymfed.cz\/vysledky\/detail\/3519\" target=\"_blank\" rel=\"noreferrer noopener\">ZDE<\/a><\/p>\n\n\n\n<p>Fotky <a href=\"https:\/\/www.rajce.idnes.cz\/gkvitkovice\/album\/zlaty-stit-22-2-2025\" target=\"_blank\" rel=\"noreferrer noopener\">ZDE<\/a><\/p>\n\n\n\n<p><em>(Monika Prutkayov\u00e1)<\/em><\/p>\n","protected":false},"excerpt":{"rendered":"<p><!-- wp:image {\"align\":\"center\",\"id\":6906,\"width\":375,\"height\":500,\"sizeSlug\":\"large\",\"linkDestination\":\"media\"} --><\/p>\n<div class=\"wp-block-image\">\n<figure class=\"aligncenter size-large is-resized\"><a href=\"https:\/\/gkvitkovice.cz\/wp-content\/uploads\/2025\/03\/male-Zarka.jpg\"><img loading=\"lazy\" src=\"https:\/\/gkvitkovice.cz\/wp-content\/uploads\/2025\/03\/male-Zarka.jpg\" alt=\"\" class=\"wp-image-6906\" width=\"375\" height=\"500\" srcset=\"https:\/\/gkvitkovice.cz\/wp-content\/uploads\/2025\/03\/male-Zarka.jpg 750w, https:\/\/gkvitkovice.cz\/wp-content\/uploads\/2025\/03\/male-Zarka-225x300.jpg 225w\" sizes=\"(max-width: 375px) 100vw, 375px\" \/><\/a><\/figure>\n<\/div>\n<p><!-- \/wp:image --><\/p>\n<p><!-- wp:paragraph --><\/p>\n<p>Ji\u017e 50. ro\u010dn\u00edk tradi\u010dn\u00edho z\u00e1vodu Zlat\u00fd \u0161t\u00edt po\u0159\u00e1dal odd\u00edl TJ VOKD Ostrava-Poruba tentokr\u00e1t v hale na Varensk\u00e9 ul., kter\u00e9ho se z\u00fa\u010dastnil velk\u00fd po\u010det z\u00e1vodnic.<\/p>\n","protected":false},"author":1,"featured_media":0,"comment_status":"closed","ping_status":"open","sticky":false,"template":"","format":"standard","meta":[],"categories":[20],"tags":[],"_links":{"self":[{"href":"https:\/\/gkvitkovice.cz\/index.php?rest_route=\/wp\/v2\/posts\/6905"}],"collection":[{"href":"https:\/\/gkvitkovice.cz\/index.php?rest_route=\/wp\/v2\/posts"}],"about":[{"href":"https:\/\/gkvitkovice.cz\/index.php?rest_route=\/wp\/v2\/types\/post"}],"author":[{"embeddable":true,"href":"https:\/\/gkvitkovice.cz\/index.php?rest_route=\/wp\/v2\/users\/1"}],"replies":[{"embeddable":true,"href":"https:\/\/gkvitkovice.cz\/index.php?rest_route=%2Fwp%2Fv2%2Fcomments&post=6905"}],"version-history":[{"count":2,"href":"https:\/\/gkvitkovice.cz\/index.php?rest_route=\/wp\/v2\/posts\/6905\/revisions"}],"predecessor-version":[{"id":6913,"href":"https:\/\/gkvitkovice.cz\/index.php?rest_route=\/wp\/v2\/posts\/6905\/revisions\/6913"}],"wp:attachment":[{"href":"https:\/\/gkvitkovice.cz\/index.php?rest_route=%2Fwp%2Fv2%2Fmedia&parent=6905"}],"wp:term":[{"taxonomy":"category","embeddable":true,"href":"https:\/\/gkvitkovice.cz\/index.php?rest_route=%2Fwp%2Fv2%2Fcategories&post=6905"},{"taxonomy":"post_tag","embeddable":true,"href":"https:\/\/gkvitkovice.cz\/index.php?rest_route=%2Fwp%2Fv2%2Ftags&post=6905"}],"curies":[{"name":"wp","href":"https:\/\/api.w.org\/{rel}","templated":true}]}}