{"id":6914,"date":"2025-03-04T07:11:56","date_gmt":"2025-03-04T07:11:56","guid":{"rendered":"https:\/\/gkvitkovice.cz\/?p=6914"},"modified":"2025-03-04T07:11:57","modified_gmt":"2025-03-04T07:11:57","slug":"sportovni-gymnazium-dany-a-emila-zatopkovych-vyhlaseni-nejuspesnejsich-sportovcu","status":"publish","type":"post","link":"https:\/\/gkvitkovice.cz\/?p=6914","title":{"rendered":"Sportovn\u00ed gymn\u00e1zium Dany a Emila Z\u00e1topkov\u00fdch &#8211; vyhl\u00e1\u0161en\u00ed nej\u00fasp\u011b\u0161n\u011bj\u0161\u00edch sportovc\u016f"},"content":{"rendered":"\n<div class=\"wp-block-image\"><figure class=\"aligncenter size-large is-resized\"><a href=\"https:\/\/gkvitkovice.cz\/wp-content\/uploads\/2025\/03\/493A1039-scaled.jpg\"><img loading=\"lazy\" src=\"https:\/\/gkvitkovice.cz\/wp-content\/uploads\/2025\/03\/493A1039-1024x683.jpg\" alt=\"\" class=\"wp-image-6915\" width=\"512\" height=\"342\" srcset=\"https:\/\/gkvitkovice.cz\/wp-content\/uploads\/2025\/03\/493A1039-1024x683.jpg 1024w, https:\/\/gkvitkovice.cz\/wp-content\/uploads\/2025\/03\/493A1039-300x200.jpg 300w, https:\/\/gkvitkovice.cz\/wp-content\/uploads\/2025\/03\/493A1039-768x512.jpg 768w, https:\/\/gkvitkovice.cz\/wp-content\/uploads\/2025\/03\/493A1039-1536x1024.jpg 1536w, https:\/\/gkvitkovice.cz\/wp-content\/uploads\/2025\/03\/493A1039-2048x1365.jpg 2048w\" sizes=\"(max-width: 512px) 100vw, 512px\" \/><\/a><\/figure><\/div>\n\n\n\n<p>Sportovn\u00ed gymn\u00e1zium Dany a Emila Z\u00e1topkov\u00fdch letos slav\u00ed v\u00fdznamn\u00e9 jubileum \u2013 40 let od sv\u00e9ho zalo\u017een\u00ed. Oslavy tohoto v\u00fdro\u010d\u00ed vyvrcholily 27. \u00fanora slavnostn\u00ed akc\u00ed v aule V\u0160B, kde se se\u0161li studenti, absolventi, u\u010ditel\u00e9 i sportovn\u00ed osobnosti.<\/p>\n\n\n\n<p>B\u011bhem slavnostn\u00edho ve\u010dera&nbsp;<strong>byli ocen\u011bni nej\u00fasp\u011b\u0161n\u011bj\u0161\u00ed sportovci \u0161koly pro rok 2024<\/strong>. Mezi vybran\u00fdmi jm\u00e9ny se nav\u017edy zapsaly do historie gymn\u00e1zia i&nbsp;<strong>Klaudie Hynek a Roz\u00e1lie O\u017eanov\u00e1<\/strong>, kter\u00e9 zaz\u00e1\u0159ily na lo\u0148sk\u00e9m Mistrovstv\u00ed Evropy v \u00c1zerb\u00e1jd\u017e\u00e1nu. Jejich v\u00fdkon jim p\u0159inesl zaslou\u017een\u00e9 uzn\u00e1n\u00ed a za\u0159azen\u00ed mezi nejlep\u0161\u00ed sportovce \u0161koly.<\/p>\n\n\n\n<p>Mezi v\u00fdznamn\u00fdmi hosty nechyb\u011bla ani b\u00fdval\u00e1 studentka Nikola Ogrodn\u00edkov\u00e1, o\u0161t\u011bpa\u0159ka a bronzov\u00e1 medailistka z olympijsk\u00fdch her. Ta nejen \u017ee sv\u00fdm vystoupen\u00edm inspirovala mlad\u00e9 sportovce, ale tak\u00e9 p\u0159edala hodnotn\u00e9 ceny ocen\u011bn\u00fdm sportovc\u016fm \u0161koly.<\/p>\n\n\n\n<p>Sou\u010d\u00e1st\u00ed ve\u010dera byl bohat\u00fd program. Velk\u00fd \u00fasp\u011bch m\u011blo mimo jin\u00e9 i vystoupen\u00ed gymnastek z na\u0161eho klubu, kter\u00e9 spole\u010dn\u011b s gymnastkami Sokolu Moravsk\u00e9 Ostravy p\u0159edvedly kr\u00e1snou a dynamickou show. Atmosf\u00e9ra ve\u010dera byla pln\u00e1 emoc\u00ed, radosti a hrdosti na \u010dty\u0159i desetilet\u00ed \u00fasp\u011b\u0161n\u00e9 sportovn\u00ed a vzd\u011bl\u00e1vac\u00ed \u010dinnosti \u0161koly.<\/p>\n\n\n\n<p>Fotky <a href=\"https:\/\/www.rajce.idnes.cz\/gkvitkovice\/album\/nejuspesnejsi-sportovci-sg-d-a-e-zatopkovych-2024\" target=\"_blank\" rel=\"noreferrer noopener\">ZDE<\/a><\/p>\n\n\n\n<p><em>(Gabriela Hynek)<\/em><\/p>\n","protected":false},"excerpt":{"rendered":"<p><!-- wp:image {\"align\":\"center\",\"id\":6915,\"width\":512,\"height\":342,\"sizeSlug\":\"large\",\"linkDestination\":\"media\"} --><\/p>\n<div class=\"wp-block-image\">\n<figure class=\"aligncenter size-large is-resized\"><a href=\"https:\/\/gkvitkovice.cz\/wp-content\/uploads\/2025\/03\/493A1039-scaled.jpg\"><img loading=\"lazy\" src=\"https:\/\/gkvitkovice.cz\/wp-content\/uploads\/2025\/03\/493A1039-1024x683.jpg\" alt=\"\" class=\"wp-image-6915\" width=\"512\" height=\"342\" srcset=\"https:\/\/gkvitkovice.cz\/wp-content\/uploads\/2025\/03\/493A1039-1024x683.jpg 1024w, https:\/\/gkvitkovice.cz\/wp-content\/uploads\/2025\/03\/493A1039-300x200.jpg 300w, https:\/\/gkvitkovice.cz\/wp-content\/uploads\/2025\/03\/493A1039-768x512.jpg 768w, https:\/\/gkvitkovice.cz\/wp-content\/uploads\/2025\/03\/493A1039-1536x1024.jpg 1536w, https:\/\/gkvitkovice.cz\/wp-content\/uploads\/2025\/03\/493A1039-2048x1365.jpg 2048w\" sizes=\"(max-width: 512px) 100vw, 512px\" \/><\/a><\/figure>\n<\/div>\n<p><!-- \/wp:image --><\/p>\n<p><!-- wp:paragraph --><\/p>\n<p>Sportovn\u00ed gymn\u00e1zium Dany a Emila Z\u00e1topkov\u00fdch letos slav\u00ed v\u00fdznamn\u00e9 jubileum \u2013 40 let od sv\u00e9ho zalo\u017een\u00ed.<\/p>\n","protected":false},"author":1,"featured_media":0,"comment_status":"closed","ping_status":"open","sticky":false,"template":"","format":"standard","meta":[],"categories":[20],"tags":[],"_links":{"self":[{"href":"https:\/\/gkvitkovice.cz\/index.php?rest_route=\/wp\/v2\/posts\/6914"}],"collection":[{"href":"https:\/\/gkvitkovice.cz\/index.php?rest_route=\/wp\/v2\/posts"}],"about":[{"href":"https:\/\/gkvitkovice.cz\/index.php?rest_route=\/wp\/v2\/types\/post"}],"author":[{"embeddable":true,"href":"https:\/\/gkvitkovice.cz\/index.php?rest_route=\/wp\/v2\/users\/1"}],"replies":[{"embeddable":true,"href":"https:\/\/gkvitkovice.cz\/index.php?rest_route=%2Fwp%2Fv2%2Fcomments&post=6914"}],"version-history":[{"count":1,"href":"https:\/\/gkvitkovice.cz\/index.php?rest_route=\/wp\/v2\/posts\/6914\/revisions"}],"predecessor-version":[{"id":6916,"href":"https:\/\/gkvitkovice.cz\/index.php?rest_route=\/wp\/v2\/posts\/6914\/revisions\/6916"}],"wp:attachment":[{"href":"https:\/\/gkvitkovice.cz\/index.php?rest_route=%2Fwp%2Fv2%2Fmedia&parent=6914"}],"wp:term":[{"taxonomy":"category","embeddable":true,"href":"https:\/\/gkvitkovice.cz\/index.php?rest_route=%2Fwp%2Fv2%2Fcategories&post=6914"},{"taxonomy":"post_tag","embeddable":true,"href":"https:\/\/gkvitkovice.cz\/index.php?rest_route=%2Fwp%2Fv2%2Ftags&post=6914"}],"curies":[{"name":"wp","href":"https:\/\/api.w.org\/{rel}","templated":true}]}}