{"id":6923,"date":"2025-03-24T07:56:09","date_gmt":"2025-03-24T07:56:09","guid":{"rendered":"https:\/\/gkvitkovice.cz\/?p=6923"},"modified":"2025-03-24T07:56:09","modified_gmt":"2025-03-24T07:56:09","slug":"friendly-gym-cup-2025","status":"publish","type":"post","link":"https:\/\/gkvitkovice.cz\/?p=6923","title":{"rendered":"FRIENDLY GYM CUP 2025"},"content":{"rendered":"\n<div class=\"wp-block-image\"><figure class=\"aligncenter size-large is-resized\"><a href=\"https:\/\/gkvitkovice.cz\/wp-content\/uploads\/2025\/03\/IMG-20250322-WA0005.jpg\"><img loading=\"lazy\" src=\"https:\/\/gkvitkovice.cz\/wp-content\/uploads\/2025\/03\/IMG-20250322-WA0005-768x1024.jpg\" alt=\"\" class=\"wp-image-6924\" width=\"384\" height=\"512\" srcset=\"https:\/\/gkvitkovice.cz\/wp-content\/uploads\/2025\/03\/IMG-20250322-WA0005-768x1024.jpg 768w, https:\/\/gkvitkovice.cz\/wp-content\/uploads\/2025\/03\/IMG-20250322-WA0005-225x300.jpg 225w, https:\/\/gkvitkovice.cz\/wp-content\/uploads\/2025\/03\/IMG-20250322-WA0005-1152x1536.jpg 1152w, https:\/\/gkvitkovice.cz\/wp-content\/uploads\/2025\/03\/IMG-20250322-WA0005.jpg 1200w\" sizes=\"(max-width: 384px) 100vw, 384px\" \/><\/a><\/figure><\/div>\n\n\n\n<p>Dal\u0161\u00ed z\u00e1vodn\u00ed v\u00edkend je za n\u00e1mi, v\u010dera 22. 3. 2025 se na\u0161e n\u011bkter\u00e1 d\u011bv\u010data z\u00fa\u010dastnila I. ro\u010dn\u00edku FRIENDLY GYM CUPU.<\/p>\n\n\n\n<p><br>V prvn\u00edm sledu ve dvojboji bradla a kladina n\u00e1m sv\u00e9 sestavy zacvi\u010dila <strong>Naty Rybov\u00e1<\/strong>, r. 2017 a obsadila tak kr\u00e1sn\u00e9 2. m\u00edsto. <\/p>\n\n\n\n<p>V dal\u0161\u00ed kategorii r. 2012-2013 se na 1. m\u00edst\u011b um\u00edstila <strong>Lili Mlyn\u00e1\u0159ov\u00e1<\/strong> a 4. m\u00edsto obsadila <strong>Sar\u010da K\u0159i\u017eo\u0161\u010dakov\u00e1<\/strong>. <\/p>\n\n\n\n<p>A na\u0161e nejmlad\u0161\u00ed z\u00e1vodnice r. 2019 z\u00e1vodily ve dvojboji kladina a prostn\u00e1, \u010dist\u00fdmi sestavami si tak <strong>Jul\u010da Bern\u00e1tov\u00e1<\/strong> z\u00edskala 2. m\u00edsto,<strong> A\u010fa Prouzov\u00e1<\/strong> 3. m\u00edsto a <strong>Em\u010da Such\u00e1<\/strong> 4. m\u00edsto.<\/p>\n\n\n\n<div class=\"wp-block-image\"><figure class=\"aligncenter size-large is-resized\"><a href=\"https:\/\/gkvitkovice.cz\/wp-content\/uploads\/2025\/03\/IMG_20250322_132332.jpg\"><img loading=\"lazy\" src=\"https:\/\/gkvitkovice.cz\/wp-content\/uploads\/2025\/03\/IMG_20250322_132332-768x1024.jpg\" alt=\"\" class=\"wp-image-6925\" width=\"384\" height=\"512\" srcset=\"https:\/\/gkvitkovice.cz\/wp-content\/uploads\/2025\/03\/IMG_20250322_132332-768x1024.jpg 768w, https:\/\/gkvitkovice.cz\/wp-content\/uploads\/2025\/03\/IMG_20250322_132332-225x300.jpg 225w, https:\/\/gkvitkovice.cz\/wp-content\/uploads\/2025\/03\/IMG_20250322_132332-1152x1536.jpg 1152w, https:\/\/gkvitkovice.cz\/wp-content\/uploads\/2025\/03\/IMG_20250322_132332.jpg 1500w\" sizes=\"(max-width: 384px) 100vw, 384px\" \/><\/a><\/figure><\/div>\n\n\n\n<p><br>I v druh\u00e9m sledu si d\u011bv\u010data vedla moc hezky, v kategorii r. 2018 n\u00e1m sv\u00e9 sestavy zacvi\u010dila na kladin\u011b a prostn\u00fdch, 1. m\u00edsto si vybojovala <strong>D\u00e1ja Je\u017e\u00edkov\u00e1<\/strong>, 2. m\u00edsto <strong>Vendy Krpel\u00edkov\u00e1<\/strong>, 3. m\u00edsto <strong>Gizi Ho\u0161kov\u00e1<\/strong>, 5.m\u00edsto <strong>Lianka Fazeka\u0161ov\u00e1<\/strong>. <\/p>\n\n\n\n<p>Zlatou medaili si odv\u00e1\u017e\u00ed i <strong>Terka Prouzov\u00e1 <\/strong>r. 2016 a <strong>Eli \u0160ilerov\u00e1<\/strong> r. 2015, kter\u00e9 z\u00e1vodily dvojboj bradla a kladina. <\/p>\n\n\n\n<p><br>V\u0161em d\u011bv\u010dat\u016fm i tren\u00e9r\u016fm moc gratulujeme a t\u011b\u0161\u00edme se na dal\u0161\u00ed ro\u010dn\u00edk.<\/p>\n\n\n\n<p>Fotky <a href=\"https:\/\/www.rajce.idnes.cz\/gkvitkovice\/album\/friendly-gym-cup-22-3-2025\" target=\"_blank\" rel=\"noreferrer noopener\">ZDE<\/a><\/p>\n\n\n\n<p>V\u00fdsledky <a href=\"https:\/\/www.gymfed.cz\/vysledky\/detail\/3783\" target=\"_blank\" rel=\"noreferrer noopener\">ZDE<\/a><\/p>\n\n\n\n<p><em>(Nikola Mlyn\u00e1\u0159ov\u00e1)<\/em><\/p>\n","protected":false},"excerpt":{"rendered":"<p><!-- wp:image {\"align\":\"center\",\"id\":6924,\"width\":384,\"height\":512,\"sizeSlug\":\"large\",\"linkDestination\":\"media\"} --><\/p>\n<div class=\"wp-block-image\">\n<figure class=\"aligncenter size-large is-resized\"><a href=\"https:\/\/gkvitkovice.cz\/wp-content\/uploads\/2025\/03\/IMG-20250322-WA0005.jpg\"><img loading=\"lazy\" src=\"https:\/\/gkvitkovice.cz\/wp-content\/uploads\/2025\/03\/IMG-20250322-WA0005-768x1024.jpg\" alt=\"\" class=\"wp-image-6924\" width=\"384\" height=\"512\" srcset=\"https:\/\/gkvitkovice.cz\/wp-content\/uploads\/2025\/03\/IMG-20250322-WA0005-768x1024.jpg 768w, https:\/\/gkvitkovice.cz\/wp-content\/uploads\/2025\/03\/IMG-20250322-WA0005-225x300.jpg 225w, https:\/\/gkvitkovice.cz\/wp-content\/uploads\/2025\/03\/IMG-20250322-WA0005-1152x1536.jpg 1152w, https:\/\/gkvitkovice.cz\/wp-content\/uploads\/2025\/03\/IMG-20250322-WA0005.jpg 1200w\" sizes=\"(max-width: 384px) 100vw, 384px\" \/><\/a><\/figure>\n<\/div>\n<p><!-- \/wp:image --><\/p>\n<p><!-- wp:paragraph --><\/p>\n<p>Dal\u0161\u00ed z\u00e1vodn\u00ed v\u00edkend je za n\u00e1mi, v\u010dera 22. 3. 2025 se na\u0161e n\u011bkter\u00e1 d\u011bv\u010data z\u00fa\u010dastnila I. ro\u010dn\u00edku FRIENDLY GYM CUPU.<\/p>\n","protected":false},"author":1,"featured_media":0,"comment_status":"closed","ping_status":"open","sticky":false,"template":"","format":"standard","meta":[],"categories":[20],"tags":[],"_links":{"self":[{"href":"https:\/\/gkvitkovice.cz\/index.php?rest_route=\/wp\/v2\/posts\/6923"}],"collection":[{"href":"https:\/\/gkvitkovice.cz\/index.php?rest_route=\/wp\/v2\/posts"}],"about":[{"href":"https:\/\/gkvitkovice.cz\/index.php?rest_route=\/wp\/v2\/types\/post"}],"author":[{"embeddable":true,"href":"https:\/\/gkvitkovice.cz\/index.php?rest_route=\/wp\/v2\/users\/1"}],"replies":[{"embeddable":true,"href":"https:\/\/gkvitkovice.cz\/index.php?rest_route=%2Fwp%2Fv2%2Fcomments&post=6923"}],"version-history":[{"count":1,"href":"https:\/\/gkvitkovice.cz\/index.php?rest_route=\/wp\/v2\/posts\/6923\/revisions"}],"predecessor-version":[{"id":6926,"href":"https:\/\/gkvitkovice.cz\/index.php?rest_route=\/wp\/v2\/posts\/6923\/revisions\/6926"}],"wp:attachment":[{"href":"https:\/\/gkvitkovice.cz\/index.php?rest_route=%2Fwp%2Fv2%2Fmedia&parent=6923"}],"wp:term":[{"taxonomy":"category","embeddable":true,"href":"https:\/\/gkvitkovice.cz\/index.php?rest_route=%2Fwp%2Fv2%2Fcategories&post=6923"},{"taxonomy":"post_tag","embeddable":true,"href":"https:\/\/gkvitkovice.cz\/index.php?rest_route=%2Fwp%2Fv2%2Ftags&post=6923"}],"curies":[{"name":"wp","href":"https:\/\/api.w.org\/{rel}","templated":true}]}}