{"id":6929,"date":"2025-04-03T06:21:16","date_gmt":"2025-04-03T06:21:16","guid":{"rendered":"https:\/\/gkvitkovice.cz\/?p=6929"},"modified":"2025-04-03T06:21:17","modified_gmt":"2025-04-03T06:21:17","slug":"27-internationales-asvo-jugendturnier-2025","status":"publish","type":"post","link":"https:\/\/gkvitkovice.cz\/?p=6929","title":{"rendered":"27. internationales ASV\u00d6 jugendturnier 2025"},"content":{"rendered":"\n<div class=\"wp-block-image\"><figure class=\"aligncenter size-large is-resized\"><a href=\"https:\/\/gkvitkovice.cz\/wp-content\/uploads\/2025\/04\/IMG_20250329_193232.jpg\"><img loading=\"lazy\" src=\"https:\/\/gkvitkovice.cz\/wp-content\/uploads\/2025\/04\/IMG_20250329_193232-769x1024.jpg\" alt=\"\" class=\"wp-image-6930\" width=\"385\" height=\"512\" srcset=\"https:\/\/gkvitkovice.cz\/wp-content\/uploads\/2025\/04\/IMG_20250329_193232-769x1024.jpg 769w, https:\/\/gkvitkovice.cz\/wp-content\/uploads\/2025\/04\/IMG_20250329_193232-225x300.jpg 225w, https:\/\/gkvitkovice.cz\/wp-content\/uploads\/2025\/04\/IMG_20250329_193232-768x1023.jpg 768w, https:\/\/gkvitkovice.cz\/wp-content\/uploads\/2025\/04\/IMG_20250329_193232.jpg 868w\" sizes=\"(max-width: 385px) 100vw, 385px\" \/><\/a><\/figure><\/div>\n\n\n\n<p>Na\u0161e gymnastky se p\u0159edstavily na ji\u017e 27. ro\u010dn\u00edku ASV\u00d6 Cupu 2025 v rakousk\u00e9m Innsbrucku, kde jsme m\u011bli zastoupen\u00ed v obou kategori\u00edch, a to jak v kategorii children, tak juniorsk\u00e9 kategorii.<\/p>\n\n\n\n<p><br>V \u017e\u00e1kovsk\u00e9 kategorii se velmi dob\u0159e vedlo <strong>Frederce Prutkayov\u00e9<\/strong>, kter\u00e1 se i s jedn\u00edm p\u00e1dem probojovala v siln\u00e9 konkurenci na 9. pozici z 58. startuj\u00edc\u00edch gymnastek. Sv\u016fj prvn\u00ed mezin\u00e1rodn\u00ed start si odzkou\u0161ela <strong>Ani Ulehlov\u00e1<\/strong>, kter\u00e1 se v siln\u00e9 konkurenci neztratila, p\u0159edvedla p\u011bkn\u00e9 v\u00fdkony, a obsadila kr\u00e1sn\u00e9 20. m\u00edsto.\u00a0<\/p>\n\n\n\n<p>V kategorii junior startovala <strong>Mahu Pa\u010dutov\u00e1<\/strong>, kter\u00e1 v konkurenci 27 z\u00e1vodnic obsadila p\u011bkn\u00e9 13. m\u00edsto. Holky si odzkou\u0161ely nov\u00e9 prvky, u\u017eily atmosf\u00e9ru velk\u00e9ho z\u00e1vodu a odvedly dobrou pr\u00e1ci.<\/p>\n\n\n\n<p><br>V\u0161em na\u0161im z\u00e1vodnic\u00edm gratulujeme k p\u0159edveden\u00fdm v\u00fdkon\u016fm a d\u011bkujeme za skv\u011blou reprezentaci nejen dom\u00e1c\u00edho klubu, ale i \u010cesk\u00e9 republiky. Pod\u011bkov\u00e1n\u00ed pat\u0159\u00ed tak\u00e9 tren\u00e9r\u016fm, rozhod\u010d\u00edm a organiz\u00e1tor\u016fm z\u00e1vodu za skv\u011bl\u00fd v\u00edkend pln\u00fd sportovn\u00edch z\u00e1\u017eitk\u016f.<\/p>\n\n\n\n<p>P\u0159ed odjezdem jsme je\u0161t\u011b nav\u0161t\u00edvily Zoopark v Innsbrucku a u\u017eily si kr\u00e1sn\u00fd v\u00fdhled na Innsbruck z vyhl\u00eddky.<\/p>\n\n\n\n<p>V\u00fdsledky: <\/p>\n\n\n\n<div class=\"wp-block-file\"><a href=\"https:\/\/gkvitkovice.cz\/wp-content\/uploads\/2025\/04\/Erg_2025-03-29_IT-WAGRGMAG_ASVO-Jugendcup_Demetz-Memorial_Innsbruck-1.pdf\">Erg_2025-03-29_IT-WAGRGMAG_ASVO-Jugendcup_Demetz-Memorial_Innsbruck-1<\/a><a href=\"https:\/\/gkvitkovice.cz\/wp-content\/uploads\/2025\/04\/Erg_2025-03-29_IT-WAGRGMAG_ASVO-Jugendcup_Demetz-Memorial_Innsbruck-1.pdf\" class=\"wp-block-file__button\" download>St\u00e1hnout<\/a><\/div>\n\n\n\n<p><em>(Monika Prutkayov\u00e1)<\/em><\/p>\n","protected":false},"excerpt":{"rendered":"<p><!-- wp:image {\"align\":\"center\",\"id\":6930,\"width\":385,\"height\":512,\"sizeSlug\":\"large\",\"linkDestination\":\"media\"} --><\/p>\n<div class=\"wp-block-image\">\n<figure class=\"aligncenter size-large is-resized\"><a href=\"https:\/\/gkvitkovice.cz\/wp-content\/uploads\/2025\/04\/IMG_20250329_193232.jpg\"><img loading=\"lazy\" src=\"https:\/\/gkvitkovice.cz\/wp-content\/uploads\/2025\/04\/IMG_20250329_193232-769x1024.jpg\" alt=\"\" class=\"wp-image-6930\" width=\"385\" height=\"512\" srcset=\"https:\/\/gkvitkovice.cz\/wp-content\/uploads\/2025\/04\/IMG_20250329_193232-769x1024.jpg 769w, https:\/\/gkvitkovice.cz\/wp-content\/uploads\/2025\/04\/IMG_20250329_193232-225x300.jpg 225w, https:\/\/gkvitkovice.cz\/wp-content\/uploads\/2025\/04\/IMG_20250329_193232-768x1023.jpg 768w, https:\/\/gkvitkovice.cz\/wp-content\/uploads\/2025\/04\/IMG_20250329_193232.jpg 868w\" sizes=\"(max-width: 385px) 100vw, 385px\" \/><\/a><\/figure>\n<\/div>\n<p><!-- \/wp:image --><\/p>\n<p><!-- wp:paragraph --><\/p>\n<p>Na\u0161e gymnastky se p\u0159edstavily na ji\u017e 27. ro\u010dn\u00edku ASV\u00d6 Cupu 2025 v rakousk\u00e9m Innsbrucku, kde jsme m\u011bli zastoupen\u00ed v obou kategori\u00edch, a to jak v kategorii children, tak juniorsk\u00e9 kategorii.<\/p>\n","protected":false},"author":1,"featured_media":0,"comment_status":"closed","ping_status":"open","sticky":false,"template":"","format":"standard","meta":[],"categories":[20],"tags":[],"_links":{"self":[{"href":"https:\/\/gkvitkovice.cz\/index.php?rest_route=\/wp\/v2\/posts\/6929"}],"collection":[{"href":"https:\/\/gkvitkovice.cz\/index.php?rest_route=\/wp\/v2\/posts"}],"about":[{"href":"https:\/\/gkvitkovice.cz\/index.php?rest_route=\/wp\/v2\/types\/post"}],"author":[{"embeddable":true,"href":"https:\/\/gkvitkovice.cz\/index.php?rest_route=\/wp\/v2\/users\/1"}],"replies":[{"embeddable":true,"href":"https:\/\/gkvitkovice.cz\/index.php?rest_route=%2Fwp%2Fv2%2Fcomments&post=6929"}],"version-history":[{"count":1,"href":"https:\/\/gkvitkovice.cz\/index.php?rest_route=\/wp\/v2\/posts\/6929\/revisions"}],"predecessor-version":[{"id":6932,"href":"https:\/\/gkvitkovice.cz\/index.php?rest_route=\/wp\/v2\/posts\/6929\/revisions\/6932"}],"wp:attachment":[{"href":"https:\/\/gkvitkovice.cz\/index.php?rest_route=%2Fwp%2Fv2%2Fmedia&parent=6929"}],"wp:term":[{"taxonomy":"category","embeddable":true,"href":"https:\/\/gkvitkovice.cz\/index.php?rest_route=%2Fwp%2Fv2%2Fcategories&post=6929"},{"taxonomy":"post_tag","embeddable":true,"href":"https:\/\/gkvitkovice.cz\/index.php?rest_route=%2Fwp%2Fv2%2Ftags&post=6929"}],"curies":[{"name":"wp","href":"https:\/\/api.w.org\/{rel}","templated":true}]}}