{"id":6936,"date":"2025-04-07T07:20:13","date_gmt":"2025-04-07T07:20:13","guid":{"rendered":"https:\/\/gkvitkovice.cz\/?p=6936"},"modified":"2025-04-07T07:26:00","modified_gmt":"2025-04-07T07:26:00","slug":"gymnasticka-mimina-2025","status":"publish","type":"post","link":"https:\/\/gkvitkovice.cz\/?p=6936","title":{"rendered":"Gymnastick\u00e1 mimina 2025"},"content":{"rendered":"\n<div class=\"wp-block-image\"><figure class=\"aligncenter size-large is-resized\"><a href=\"https:\/\/gkvitkovice.cz\/wp-content\/uploads\/2025\/04\/IMG_1097-scaled.jpeg\"><img loading=\"lazy\" src=\"https:\/\/gkvitkovice.cz\/wp-content\/uploads\/2025\/04\/IMG_1097-768x1024.jpeg\" alt=\"\" class=\"wp-image-6937\" width=\"384\" height=\"512\" srcset=\"https:\/\/gkvitkovice.cz\/wp-content\/uploads\/2025\/04\/IMG_1097-768x1024.jpeg 768w, https:\/\/gkvitkovice.cz\/wp-content\/uploads\/2025\/04\/IMG_1097-225x300.jpeg 225w, https:\/\/gkvitkovice.cz\/wp-content\/uploads\/2025\/04\/IMG_1097-1152x1536.jpeg 1152w, https:\/\/gkvitkovice.cz\/wp-content\/uploads\/2025\/04\/IMG_1097-1536x2048.jpeg 1536w, https:\/\/gkvitkovice.cz\/wp-content\/uploads\/2025\/04\/IMG_1097-scaled.jpeg 1920w\" sizes=\"(max-width: 384px) 100vw, 384px\" \/><\/a><\/figure><\/div>\n\n\n\n<p>Zat\u00edmco na\u0161e star\u0161\u00ed holky odjely z\u00e1vodit do Rakouska, my o n\u011bco mlad\u0161\u00ed jsme s pan\u00ed tren\u00e9rkou K\u00e1jou vyrazily sm\u011br Prost\u011bjov na tradi\u010dn\u00ed Gymnastick\u00e1 mimina. I my jsme bojovaly nejen s konkurenc\u00ed, ale i nov\u00fdmi prvky. N\u011bco se n\u00e1m povedlo v\u00edc a n\u011bco m\u00e9n\u011b.<\/p>\n\n\n\n<p><strong>Layla Lochman<\/strong> vyhr\u00e1la kategorii ro\u010dn\u00edku 2018. V kategorii ro\u010dn\u00edku 2017 jsme z\u016fstaly t\u011bsn\u011b za bednou 4. <strong>Agi \u0160ulov\u00e1<\/strong>, 6. <strong>Jolanka \u010c\u00ed\u017eov\u00e1<\/strong>, 8. <strong>Naty Rybov\u00e1<\/strong> a 9. <strong>Viki Havl\u00ed\u010dkov\u00e1<\/strong>. V kategorii ro\u010dn\u00edku 2015-2016 obsadila <strong>B\u00e1ra Kr\u00e1\u010dal\u00edkov\u00e1<\/strong> 15. m\u00edsto.<\/p>\n\n\n\n<div class=\"wp-block-image\"><figure class=\"aligncenter size-large is-resized\"><a href=\"http:\/\/gkvitkovice.cz\/wp-content\/uploads\/2025\/04\/IMG_1115-scaled.jpeg\"><img loading=\"lazy\" src=\"http:\/\/gkvitkovice.cz\/wp-content\/uploads\/2025\/04\/IMG_1115-768x1024.jpeg\" alt=\"\" class=\"wp-image-6941\" width=\"384\" height=\"512\" srcset=\"https:\/\/gkvitkovice.cz\/wp-content\/uploads\/2025\/04\/IMG_1115-768x1024.jpeg 768w, https:\/\/gkvitkovice.cz\/wp-content\/uploads\/2025\/04\/IMG_1115-225x300.jpeg 225w, https:\/\/gkvitkovice.cz\/wp-content\/uploads\/2025\/04\/IMG_1115-1152x1536.jpeg 1152w, https:\/\/gkvitkovice.cz\/wp-content\/uploads\/2025\/04\/IMG_1115-1536x2048.jpeg 1536w, https:\/\/gkvitkovice.cz\/wp-content\/uploads\/2025\/04\/IMG_1115-scaled.jpeg 1920w\" sizes=\"(max-width: 384px) 100vw, 384px\" \/><\/a><\/figure><\/div>\n\n\n\n<p>Z\u00e1vod jsme si moc u\u017eily a z\u00e1rove\u0148 zjistily, na \u010dem je je\u0161t\u011b pot\u0159eba zapracovat.<\/p>\n\n\n\n<p>Cht\u011bly bychom tak\u00e9 pod\u011bkovat Hance Valov\u00e9, kter\u00e1 jela s n\u00e1mi a zastupovala n\u00e1s u stole\u010dku rozhod\u010d\u00edch.<\/p>\n\n\n\n<p>Fotky <a href=\"https:\/\/www.rajce.idnes.cz\/gkvitkovice\/album\/gymnasticka-mimina-29-3-2025-prostejov\">ZDE<\/a><\/p>\n\n\n\n<p>V\u00fdsledky <a href=\"https:\/\/www.gymfed.cz\/vysledky\/detail\/3807\">ZDE<\/a><\/p>\n\n\n\n<p><em>(Karla Adam\u00edkov\u00e1)<\/em><\/p>\n","protected":false},"excerpt":{"rendered":"<p><!-- wp:image {\"align\":\"center\",\"id\":6937,\"width\":384,\"height\":512,\"sizeSlug\":\"large\",\"linkDestination\":\"media\"} --><\/p>\n<div class=\"wp-block-image\">\n<figure class=\"aligncenter size-large is-resized\"><a href=\"https:\/\/gkvitkovice.cz\/wp-content\/uploads\/2025\/04\/IMG_1097-scaled.jpeg\"><img loading=\"lazy\" src=\"https:\/\/gkvitkovice.cz\/wp-content\/uploads\/2025\/04\/IMG_1097-768x1024.jpeg\" alt=\"\" class=\"wp-image-6937\" width=\"384\" height=\"512\" srcset=\"https:\/\/gkvitkovice.cz\/wp-content\/uploads\/2025\/04\/IMG_1097-768x1024.jpeg 768w, https:\/\/gkvitkovice.cz\/wp-content\/uploads\/2025\/04\/IMG_1097-225x300.jpeg 225w, https:\/\/gkvitkovice.cz\/wp-content\/uploads\/2025\/04\/IMG_1097-1152x1536.jpeg 1152w, https:\/\/gkvitkovice.cz\/wp-content\/uploads\/2025\/04\/IMG_1097-1536x2048.jpeg 1536w, https:\/\/gkvitkovice.cz\/wp-content\/uploads\/2025\/04\/IMG_1097-scaled.jpeg 1920w\" sizes=\"(max-width: 384px) 100vw, 384px\" \/><\/a><\/figure>\n<\/div>\n<p><!-- \/wp:image --><\/p>\n<p>Zat\u00edmco na\u0161e star\u0161\u00ed holky odjely z\u00e1vodit do Rakouska, my o n\u011bco mlad\u0161\u00ed jsme s pan\u00ed tren\u00e9rkou K\u00e1jou vyrazily sm\u011br Prost\u011bjov na tradi\u010dn\u00ed Gymnastick\u00e1 mimina.<\/p>\n","protected":false},"author":1,"featured_media":0,"comment_status":"closed","ping_status":"open","sticky":false,"template":"","format":"standard","meta":[],"categories":[20],"tags":[],"_links":{"self":[{"href":"https:\/\/gkvitkovice.cz\/index.php?rest_route=\/wp\/v2\/posts\/6936"}],"collection":[{"href":"https:\/\/gkvitkovice.cz\/index.php?rest_route=\/wp\/v2\/posts"}],"about":[{"href":"https:\/\/gkvitkovice.cz\/index.php?rest_route=\/wp\/v2\/types\/post"}],"author":[{"embeddable":true,"href":"https:\/\/gkvitkovice.cz\/index.php?rest_route=\/wp\/v2\/users\/1"}],"replies":[{"embeddable":true,"href":"https:\/\/gkvitkovice.cz\/index.php?rest_route=%2Fwp%2Fv2%2Fcomments&post=6936"}],"version-history":[{"count":3,"href":"https:\/\/gkvitkovice.cz\/index.php?rest_route=\/wp\/v2\/posts\/6936\/revisions"}],"predecessor-version":[{"id":6942,"href":"https:\/\/gkvitkovice.cz\/index.php?rest_route=\/wp\/v2\/posts\/6936\/revisions\/6942"}],"wp:attachment":[{"href":"https:\/\/gkvitkovice.cz\/index.php?rest_route=%2Fwp%2Fv2%2Fmedia&parent=6936"}],"wp:term":[{"taxonomy":"category","embeddable":true,"href":"https:\/\/gkvitkovice.cz\/index.php?rest_route=%2Fwp%2Fv2%2Fcategories&post=6936"},{"taxonomy":"post_tag","embeddable":true,"href":"https:\/\/gkvitkovice.cz\/index.php?rest_route=%2Fwp%2Fv2%2Ftags&post=6936"}],"curies":[{"name":"wp","href":"https:\/\/api.w.org\/{rel}","templated":true}]}}