{"id":6944,"date":"2025-04-16T06:36:55","date_gmt":"2025-04-16T06:36:55","guid":{"rendered":"https:\/\/gkvitkovice.cz\/?p=6944"},"modified":"2025-04-16T06:36:55","modified_gmt":"2025-04-16T06:36:55","slug":"zavod-o-zelenou-zabu-2025","status":"publish","type":"post","link":"https:\/\/gkvitkovice.cz\/?p=6944","title":{"rendered":"Z\u00e1vod o zelenou \u017e\u00e1bu 2025"},"content":{"rendered":"\n<div class=\"wp-block-image\"><figure class=\"aligncenter size-large is-resized\"><a href=\"https:\/\/gkvitkovice.cz\/wp-content\/uploads\/2025\/04\/IMG-20250412-WA0040.jpg\"><img loading=\"lazy\" src=\"https:\/\/gkvitkovice.cz\/wp-content\/uploads\/2025\/04\/IMG-20250412-WA0040-1024x768.jpg\" alt=\"\" class=\"wp-image-6945\" width=\"512\" height=\"384\" srcset=\"https:\/\/gkvitkovice.cz\/wp-content\/uploads\/2025\/04\/IMG-20250412-WA0040-1024x768.jpg 1024w, https:\/\/gkvitkovice.cz\/wp-content\/uploads\/2025\/04\/IMG-20250412-WA0040-300x225.jpg 300w, https:\/\/gkvitkovice.cz\/wp-content\/uploads\/2025\/04\/IMG-20250412-WA0040-768x576.jpg 768w, https:\/\/gkvitkovice.cz\/wp-content\/uploads\/2025\/04\/IMG-20250412-WA0040-1536x1152.jpg 1536w, https:\/\/gkvitkovice.cz\/wp-content\/uploads\/2025\/04\/IMG-20250412-WA0040.jpg 2000w\" sizes=\"(max-width: 512px) 100vw, 512px\" \/><\/a><\/figure><\/div>\n\n\n\n<p>V sobotu 12. 4. 2025 si byla d\u011bv\u010data vyzkou\u0161et povinn\u00e9 sestavy ve dvojboji v Brn\u011b. Pro v\u0161echny to byla p\u0159\u00ednosn\u00e1 zkou\u0161ka p\u0159ed nadch\u00e1zej\u00edc\u00edmi kvalifika\u010dn\u00edmi z\u00e1vody na M\u010cR. Z\u00e1vodu se takt\u00e9\u017e z\u00fa\u010dastnily i na\u0161e ,, nejmen\u0161\u00ed \u017eabky,,.\u00a0V\u0161echna d\u011bv\u010data p\u0159edvedla kr\u00e1sn\u00e9 v\u00fdkony, ale i rovn\u011b\u017e zjistila, na \u010dem je t\u0159eba zapracovat.<\/p>\n\n\n\n<p><br>P\u0159ejeme v\u0161em na\u0161ich gymnastk\u00e1m mnoho sportovn\u00edho \u0161t\u011bst\u00ed v dal\u0161\u00edch z\u00e1vodech a gratulujeme ke kr\u00e1sn\u00fdm v\u00fdsledk\u016f.<\/p>\n\n\n\n<p><br>Za\u010d\u00ednaj\u00edc\u00ed (p\u0159eskok, prostn\u00e1):\u00a02. m\u00edsto <strong>A\u010fa Prouzov\u00e1<\/strong>, 3. m\u00edsto <strong>Jul\u010da Bern\u00e1tov\u00e1<\/strong>,\u00a04. m\u00edsto <strong>Em\u010da Such\u00e1\u00a0<\/strong><br>VSOA (bradla, kladina): 2. m\u00edsto <strong>Vendy Krpel\u00edkov\u00e1<\/strong>, 9. m\u00edsto <strong>Gizi Ho\u0161kov\u00e1<\/strong>\u00a0<br>VS2A (p\u0159eskok, kladina): 3. m\u00edsto <strong>Terka Prouzov\u00e1<\/strong> <br>VS3A (bradla, kladina): 3. m\u00edsto<strong> Lili Such\u00e1 <\/strong><br>VS4B (bradla, prostn\u00e1): 2. m\u00edsto <strong>Sar\u010da K\u0159i\u017eo\u0161\u010dakov\u00e1<\/strong><br>VS5B (p\u0159eskok, prostn\u00e1): 3. m\u00edsto <strong>Lili Mlyn\u00e1\u0159ov\u00e1<\/strong> <\/p>\n\n\n\n<p>Fotky <a href=\"https:\/\/www.rajce.idnes.cz\/gkvitkovice\/album\/zavod-o-zelenou-zabu-brno-12-4-2025\" target=\"_blank\" rel=\"noreferrer noopener\">ZDE<\/a><\/p>\n\n\n\n<p>V\u00fdsledky <a href=\"https:\/\/www.gymfed.cz\/vysledky\/detail\/3846\" target=\"_blank\" rel=\"noreferrer noopener\">ZDE<\/a><\/p>\n\n\n\n<p><em>(Nikola Mlyn\u00e1\u0159ov\u00e1)<\/em><\/p>\n","protected":false},"excerpt":{"rendered":"<p><!-- wp:image {\"align\":\"center\",\"id\":6945,\"width\":512,\"height\":384,\"sizeSlug\":\"large\",\"linkDestination\":\"media\"} --><\/p>\n<div class=\"wp-block-image\">\n<figure class=\"aligncenter size-large is-resized\"><a href=\"https:\/\/gkvitkovice.cz\/wp-content\/uploads\/2025\/04\/IMG-20250412-WA0040.jpg\"><img loading=\"lazy\" src=\"https:\/\/gkvitkovice.cz\/wp-content\/uploads\/2025\/04\/IMG-20250412-WA0040-1024x768.jpg\" alt=\"\" class=\"wp-image-6945\" width=\"512\" height=\"384\" srcset=\"https:\/\/gkvitkovice.cz\/wp-content\/uploads\/2025\/04\/IMG-20250412-WA0040-1024x768.jpg 1024w, https:\/\/gkvitkovice.cz\/wp-content\/uploads\/2025\/04\/IMG-20250412-WA0040-300x225.jpg 300w, https:\/\/gkvitkovice.cz\/wp-content\/uploads\/2025\/04\/IMG-20250412-WA0040-768x576.jpg 768w, https:\/\/gkvitkovice.cz\/wp-content\/uploads\/2025\/04\/IMG-20250412-WA0040-1536x1152.jpg 1536w, https:\/\/gkvitkovice.cz\/wp-content\/uploads\/2025\/04\/IMG-20250412-WA0040.jpg 2000w\" sizes=\"(max-width: 512px) 100vw, 512px\" \/><\/a><\/figure>\n<\/div>\n<p><!-- \/wp:image --><\/p>\n<p><!-- wp:paragraph --><\/p>\n<p>V sobotu 12. 4. 2025 si byla d\u011bv\u010data vyzkou\u0161et povinn\u00e9 sestavy ve dvojboji v Brn\u011b.<\/p>\n","protected":false},"author":1,"featured_media":0,"comment_status":"closed","ping_status":"open","sticky":false,"template":"","format":"standard","meta":[],"categories":[20],"tags":[],"_links":{"self":[{"href":"https:\/\/gkvitkovice.cz\/index.php?rest_route=\/wp\/v2\/posts\/6944"}],"collection":[{"href":"https:\/\/gkvitkovice.cz\/index.php?rest_route=\/wp\/v2\/posts"}],"about":[{"href":"https:\/\/gkvitkovice.cz\/index.php?rest_route=\/wp\/v2\/types\/post"}],"author":[{"embeddable":true,"href":"https:\/\/gkvitkovice.cz\/index.php?rest_route=\/wp\/v2\/users\/1"}],"replies":[{"embeddable":true,"href":"https:\/\/gkvitkovice.cz\/index.php?rest_route=%2Fwp%2Fv2%2Fcomments&post=6944"}],"version-history":[{"count":1,"href":"https:\/\/gkvitkovice.cz\/index.php?rest_route=\/wp\/v2\/posts\/6944\/revisions"}],"predecessor-version":[{"id":6946,"href":"https:\/\/gkvitkovice.cz\/index.php?rest_route=\/wp\/v2\/posts\/6944\/revisions\/6946"}],"wp:attachment":[{"href":"https:\/\/gkvitkovice.cz\/index.php?rest_route=%2Fwp%2Fv2%2Fmedia&parent=6944"}],"wp:term":[{"taxonomy":"category","embeddable":true,"href":"https:\/\/gkvitkovice.cz\/index.php?rest_route=%2Fwp%2Fv2%2Fcategories&post=6944"},{"taxonomy":"post_tag","embeddable":true,"href":"https:\/\/gkvitkovice.cz\/index.php?rest_route=%2Fwp%2Fv2%2Ftags&post=6944"}],"curies":[{"name":"wp","href":"https:\/\/api.w.org\/{rel}","templated":true}]}}