{"id":6948,"date":"2025-04-28T09:50:39","date_gmt":"2025-04-28T09:50:39","guid":{"rendered":"https:\/\/gkvitkovice.cz\/?p=6948"},"modified":"2025-04-28T09:50:39","modified_gmt":"2025-04-28T09:50:39","slug":"znojemska-kladinka-2025","status":"publish","type":"post","link":"https:\/\/gkvitkovice.cz\/?p=6948","title":{"rendered":"Znojemsk\u00e1 kladinka 2025"},"content":{"rendered":"\n<div class=\"wp-block-image\"><figure class=\"aligncenter size-large is-resized\"><a href=\"https:\/\/gkvitkovice.cz\/wp-content\/uploads\/2025\/04\/IMG_20250420_184626.jpg\"><img loading=\"lazy\" src=\"https:\/\/gkvitkovice.cz\/wp-content\/uploads\/2025\/04\/IMG_20250420_184626-1024x768.jpg\" alt=\"\" class=\"wp-image-6949\" width=\"512\" height=\"384\" srcset=\"https:\/\/gkvitkovice.cz\/wp-content\/uploads\/2025\/04\/IMG_20250420_184626-1024x768.jpg 1024w, https:\/\/gkvitkovice.cz\/wp-content\/uploads\/2025\/04\/IMG_20250420_184626-300x225.jpg 300w, https:\/\/gkvitkovice.cz\/wp-content\/uploads\/2025\/04\/IMG_20250420_184626-768x576.jpg 768w, https:\/\/gkvitkovice.cz\/wp-content\/uploads\/2025\/04\/IMG_20250420_184626-1536x1152.jpg 1536w, https:\/\/gkvitkovice.cz\/wp-content\/uploads\/2025\/04\/IMG_20250420_184626.jpg 2000w\" sizes=\"(max-width: 512px) 100vw, 512px\" \/><\/a><\/figure><\/div>\n\n\n\n<p>Velikonoce jsme letos pojaly sportovn\u011b a dru\u017estvo tren\u00e9rky Mon\u010di, K\u00e1ji a Nikol si vyjelo 20. 4. 2025 zaz\u00e1vodit na 25. ro\u010dn\u00edk Znojemsk\u00e9 kladinky. Byl to kr\u00e1sn\u00fd z\u00e1vod, kde si d\u011bv\u010data mohla vyzkou\u0161et cel\u00fd \u010dty\u0159boj povinn\u00fdch sestav.<br>Do z\u00e1vodu byla vlo\u017eena i kategorie MIMI, kde na\u0161e nejmlad\u0161\u00ed z\u00e1vodnice z\u00e1vodila na kladin\u011b a prostn\u00fdch.<br>I p\u0159es nervozitu a konkurenci se d\u011bv\u010data moc hezky um\u00edstila.<\/p>\n\n\n\n<div class=\"wp-block-image\"><figure class=\"aligncenter size-large is-resized\"><a href=\"https:\/\/gkvitkovice.cz\/wp-content\/uploads\/2025\/04\/IMG-20250421-WA0015.jpg\"><img loading=\"lazy\" src=\"https:\/\/gkvitkovice.cz\/wp-content\/uploads\/2025\/04\/IMG-20250421-WA0015-768x1024.jpg\" alt=\"\" class=\"wp-image-6950\" width=\"384\" height=\"512\" srcset=\"https:\/\/gkvitkovice.cz\/wp-content\/uploads\/2025\/04\/IMG-20250421-WA0015-768x1024.jpg 768w, https:\/\/gkvitkovice.cz\/wp-content\/uploads\/2025\/04\/IMG-20250421-WA0015-225x300.jpg 225w, https:\/\/gkvitkovice.cz\/wp-content\/uploads\/2025\/04\/IMG-20250421-WA0015-1152x1536.jpg 1152w, https:\/\/gkvitkovice.cz\/wp-content\/uploads\/2025\/04\/IMG-20250421-WA0015.jpg 1500w\" sizes=\"(max-width: 384px) 100vw, 384px\" \/><\/a><\/figure><\/div>\n\n\n\n<p><br>MIMI: 2. m\u00edsto <strong>Jul\u010da Bern\u00e1tov\u00e1<\/strong>,\u00a03. m\u00edsto<strong> A\u010fa Prouzov\u00e1<\/strong>,\u00a04. m\u00edsto <strong>Em\u010da Such\u00e1<\/strong><br>VS OA: 4. m\u00edsto <strong>Vendy Krpel\u00edkov\u00e1<\/strong>,\u00a06. m\u00edsto <strong>Gizi Ho\u0161kov\u00e1<\/strong>,\u00a011. m\u00edsto <strong>D\u00e1ja Je\u017e\u00edkov\u00e1<\/strong>, 16. m\u00edsto <strong>Lili Fazeka\u0161ov\u00e1\u00a0<\/strong><br>VS 1A: 2. m\u00edsto <strong>Layla Lochman<\/strong>,\u00a04. m\u00edsto <strong>Jolanka \u010c\u00ed\u017eov\u00e1<\/strong>, 7. m\u00edsto <strong>Viki Havl\u00ed\u010dkov\u00e1<\/strong>,\u00a015. m\u00edsto <strong>Naty Rybov\u00e1\u00a0<\/strong><br>VS 2A: 2. m\u00edsto <strong>Terka Prouzov\u00e1<\/strong>,\u00a016. m\u00edsto <strong>Bar\u010da Kr\u00e1\u010dal\u00edkov\u00e1<\/strong><br>VS 3A: 1. m\u00edsto <strong>Lili Such\u00e1<\/strong>,\u00a02. m\u00edsto <strong>Agi Klosov\u00e1<\/strong>, 3. m\u00edsto<strong> Elka \u0160ilerov\u00e1\u00a0<\/strong><br>VS 5B: 3. m\u00edsto <strong>Lili Mlyn\u00e1\u0159ov\u00e1\u00a0<\/strong><\/p>\n\n\n\n<p><br>D\u011bv\u010dat\u016fm a tren\u00e9r\u016fm moc gratulujeme a p\u0159ejeme hodn\u011b \u0161t\u011bst\u00ed v nadch\u00e1zej\u00edc\u00edch z\u00e1vodech, st\u00e1le je co zlep\u0161ovat.<\/p>\n\n\n\n<p>Fotky <a href=\"https:\/\/www.rajce.idnes.cz\/gkvitkovice\/album\/znojemska-kladinka-20-4-2025\" target=\"_blank\" rel=\"noreferrer noopener\">ZDE<\/a><\/p>\n\n\n\n<p>V\u00fdsledky <a href=\"https:\/\/www.gymfed.cz\/vysledky\/detail\/3648?kategorie=11393\" target=\"_blank\" rel=\"noreferrer noopener\">ZDE<\/a><\/p>\n\n\n\n<p><br><em>(Nikola Mlyn\u00e1\u0159ov\u00e1)<\/em><\/p>\n","protected":false},"excerpt":{"rendered":"<p><!-- wp:image {\"align\":\"center\",\"id\":6949,\"width\":512,\"height\":384,\"sizeSlug\":\"large\",\"linkDestination\":\"media\"} --><\/p>\n<div class=\"wp-block-image\">\n<figure class=\"aligncenter size-large is-resized\"><a href=\"https:\/\/gkvitkovice.cz\/wp-content\/uploads\/2025\/04\/IMG_20250420_184626.jpg\"><img loading=\"lazy\" src=\"https:\/\/gkvitkovice.cz\/wp-content\/uploads\/2025\/04\/IMG_20250420_184626-1024x768.jpg\" alt=\"\" class=\"wp-image-6949\" width=\"512\" height=\"384\" srcset=\"https:\/\/gkvitkovice.cz\/wp-content\/uploads\/2025\/04\/IMG_20250420_184626-1024x768.jpg 1024w, https:\/\/gkvitkovice.cz\/wp-content\/uploads\/2025\/04\/IMG_20250420_184626-300x225.jpg 300w, https:\/\/gkvitkovice.cz\/wp-content\/uploads\/2025\/04\/IMG_20250420_184626-768x576.jpg 768w, https:\/\/gkvitkovice.cz\/wp-content\/uploads\/2025\/04\/IMG_20250420_184626-1536x1152.jpg 1536w, https:\/\/gkvitkovice.cz\/wp-content\/uploads\/2025\/04\/IMG_20250420_184626.jpg 2000w\" sizes=\"(max-width: 512px) 100vw, 512px\" \/><\/a><\/figure>\n<\/div>\n<p><!-- \/wp:image --><\/p>\n<p><!-- wp:paragraph --><\/p>\n<p>Velikonoce jsme letos pojaly sportovn\u011b a dru\u017estvo tren\u00e9rky Mon\u010di, K\u00e1ji a Nikol si vyjelo 20. 4. 2025 zaz\u00e1vodit na 25. ro\u010dn\u00edk Znojemsk\u00e9 kladinky.<\/p>\n","protected":false},"author":1,"featured_media":0,"comment_status":"closed","ping_status":"open","sticky":false,"template":"","format":"standard","meta":[],"categories":[20],"tags":[],"_links":{"self":[{"href":"https:\/\/gkvitkovice.cz\/index.php?rest_route=\/wp\/v2\/posts\/6948"}],"collection":[{"href":"https:\/\/gkvitkovice.cz\/index.php?rest_route=\/wp\/v2\/posts"}],"about":[{"href":"https:\/\/gkvitkovice.cz\/index.php?rest_route=\/wp\/v2\/types\/post"}],"author":[{"embeddable":true,"href":"https:\/\/gkvitkovice.cz\/index.php?rest_route=\/wp\/v2\/users\/1"}],"replies":[{"embeddable":true,"href":"https:\/\/gkvitkovice.cz\/index.php?rest_route=%2Fwp%2Fv2%2Fcomments&post=6948"}],"version-history":[{"count":1,"href":"https:\/\/gkvitkovice.cz\/index.php?rest_route=\/wp\/v2\/posts\/6948\/revisions"}],"predecessor-version":[{"id":6951,"href":"https:\/\/gkvitkovice.cz\/index.php?rest_route=\/wp\/v2\/posts\/6948\/revisions\/6951"}],"wp:attachment":[{"href":"https:\/\/gkvitkovice.cz\/index.php?rest_route=%2Fwp%2Fv2%2Fmedia&parent=6948"}],"wp:term":[{"taxonomy":"category","embeddable":true,"href":"https:\/\/gkvitkovice.cz\/index.php?rest_route=%2Fwp%2Fv2%2Fcategories&post=6948"},{"taxonomy":"post_tag","embeddable":true,"href":"https:\/\/gkvitkovice.cz\/index.php?rest_route=%2Fwp%2Fv2%2Ftags&post=6948"}],"curies":[{"name":"wp","href":"https:\/\/api.w.org\/{rel}","templated":true}]}}