{"id":6952,"date":"2025-05-05T06:58:16","date_gmt":"2025-05-05T06:58:16","guid":{"rendered":"https:\/\/gkvitkovice.cz\/?p=6952"},"modified":"2025-05-14T10:39:17","modified_gmt":"2025-05-14T10:39:17","slug":"o-pohar-mesta-ostravy-2025-skvely-start-teamgymove-sezony","status":"publish","type":"post","link":"https:\/\/gkvitkovice.cz\/?p=6952","title":{"rendered":"O poh\u00e1r m\u011bsta Ostravy 2025 \u2013 skv\u011bl\u00fd start Teamgymov\u00e9 sez\u00f3ny!"},"content":{"rendered":"\n<div class=\"wp-block-image\"><figure class=\"aligncenter size-large is-resized\"><a href=\"https:\/\/gkvitkovice.cz\/wp-content\/uploads\/2025\/05\/ML1_7169.jpg\"><img loading=\"lazy\" src=\"https:\/\/gkvitkovice.cz\/wp-content\/uploads\/2025\/05\/ML1_7169-1024x684.jpg\" alt=\"\" class=\"wp-image-6953\" width=\"512\" height=\"342\" srcset=\"https:\/\/gkvitkovice.cz\/wp-content\/uploads\/2025\/05\/ML1_7169-1024x684.jpg 1024w, https:\/\/gkvitkovice.cz\/wp-content\/uploads\/2025\/05\/ML1_7169-300x200.jpg 300w, https:\/\/gkvitkovice.cz\/wp-content\/uploads\/2025\/05\/ML1_7169-768x513.jpg 768w, https:\/\/gkvitkovice.cz\/wp-content\/uploads\/2025\/05\/ML1_7169-1536x1025.jpg 1536w, https:\/\/gkvitkovice.cz\/wp-content\/uploads\/2025\/05\/ML1_7169-2048x1367.jpg 2048w\" sizes=\"(max-width: 512px) 100vw, 512px\" \/><\/a><\/figure><\/div>\n\n\n\n<p>Dne&nbsp;22. b\u0159ezna 2025&nbsp;jsme jako odd\u00edl uspo\u0159\u00e1dali teamgymov\u00fd z\u00e1vod&nbsp;O poh\u00e1r m\u011bsta Ostravy!!!&nbsp;Tento z\u00e1vod se konal v kr\u00e1sn\u00fdch prostor\u00e1ch Kampusu OU a byl prvn\u00edm z p\u011bti z\u00e1vod\u016f&nbsp;\u010cesk\u00e9ho poh\u00e1ru&nbsp;a z\u00e1rove\u0148&nbsp;kvalifika\u010dn\u00edm z\u00e1vodem na Mistrovstv\u00ed \u010cesk\u00e9 republiky. Cht\u011bla bych srde\u010dn\u011b&nbsp;pod\u011bkovat v\u0161em, kte\u0159\u00ed se pod\u00edleli na organizaci z\u00e1vodu \u2013&nbsp;rodi\u010d\u016fm, p\u0159edsedkyni odd\u00edlu&nbsp;a v\u0161em dal\u0161\u00edm pomocn\u00edk\u016fm, kte\u0159\u00ed p\u0159isp\u011bli sv\u00fdm \u010dasem a energi\u00ed. Velk\u00e9 d\u00edky pat\u0159\u00ed tak\u00e9&nbsp;sponzor\u016fm, kte\u0159\u00ed v\u011bnovali kr\u00e1sn\u00e9 dary pro \u00fa\u010dastn\u00edky z\u00e1vodu.<\/p>\n\n\n\n<p><br>Na\u0161e d\u011bv\u010data v kategorii&nbsp;Junior A&nbsp;sice nezajela \u00fapln\u011b na sto procent, zmohly je nemoci a zran\u011bn\u00ed, ale d\u00edky&nbsp;odhodl\u00e1n\u00ed a \u00fa\u017easn\u00e9&nbsp;podpo\u0159e dom\u00e1c\u00edho publika&nbsp;nakonec&nbsp;zv\u00edt\u011bzila! Jejich v\u00fdhra je kr\u00e1sn\u00fdm d\u016fkazem toho, \u017ee spr\u00e1vn\u00e1 atmosf\u00e9ra na z\u00e1vod\u011b dok\u00e1\u017ee opravdu z\u00e1zraky.<\/p>\n\n\n\n<p>Dv\u011b na\u0161e star\u0161\u00ed d\u011bv\u010data hostovala v kategorii&nbsp;Senior A mix&nbsp;za klub SK Fr\u00fddek-M\u00edstek a i tomuto t\u00fdmu se vedlo skv\u011ble a vyhr\u00e1li! Moc d\u011bkujeme SK FM za mo\u017enost hostov\u00e1n\u00ed.<\/p>\n\n\n\n<p>A d\u00edky t\u011bmto \u00fasp\u011bch\u016fm m\u016f\u017eeme ji\u017e tento v\u00edkend \u2013 10. kv\u011btna\u00a0\u2013 vid\u011bt oba t\u00fdmy na\u00a0Mistrovstv\u00ed \u010cR, kter\u00e9 se po\u00a0dev\u00edti letech vrac\u00ed do Ostravy.\u00a0P\u0159ij\u010fte je podpo\u0159it\u00a0\u2013 sout\u011b\u017eit budou\u00a0Juniorky A v sobotu od 15:40 do 16:40 hodin. A Senior A mix od 18:00 do 19:10 hodin. Ka\u017ed\u00fd hlas i potlesk z hledi\u0161t\u011b jim ur\u010dit\u011b pomohou! D\u011bkujeme.<\/p>\n\n\n\n<p>Fotky <a href=\"https:\/\/www.rajce.idnes.cz\/gkvitkovice\/album\/o-pohar-mesta-ostravy-duben-2025\" target=\"_blank\" rel=\"noreferrer noopener\">ZDE<\/a><\/p>\n\n\n\n<p><em>(Gabriela Hynek)<\/em><\/p>\n","protected":false},"excerpt":{"rendered":"<p><!-- wp:image {\"align\":\"center\",\"id\":6953,\"width\":512,\"height\":342,\"sizeSlug\":\"large\",\"linkDestination\":\"media\"} --><\/p>\n<div class=\"wp-block-image\">\n<figure class=\"aligncenter size-large is-resized\"><a href=\"https:\/\/gkvitkovice.cz\/wp-content\/uploads\/2025\/05\/ML1_7169.jpg\"><img loading=\"lazy\" src=\"https:\/\/gkvitkovice.cz\/wp-content\/uploads\/2025\/05\/ML1_7169-1024x684.jpg\" alt=\"\" class=\"wp-image-6953\" width=\"512\" height=\"342\" srcset=\"https:\/\/gkvitkovice.cz\/wp-content\/uploads\/2025\/05\/ML1_7169-1024x684.jpg 1024w, https:\/\/gkvitkovice.cz\/wp-content\/uploads\/2025\/05\/ML1_7169-300x200.jpg 300w, https:\/\/gkvitkovice.cz\/wp-content\/uploads\/2025\/05\/ML1_7169-768x513.jpg 768w, https:\/\/gkvitkovice.cz\/wp-content\/uploads\/2025\/05\/ML1_7169-1536x1025.jpg 1536w, https:\/\/gkvitkovice.cz\/wp-content\/uploads\/2025\/05\/ML1_7169-2048x1367.jpg 2048w\" sizes=\"(max-width: 512px) 100vw, 512px\" \/><\/a><\/figure>\n<\/div>\n<p><!-- \/wp:image --><\/p>\n<p><!-- wp:paragraph --><\/p>\n<p>Dne\u00a022. b\u0159ezna 2025\u00a0jsme jako odd\u00edl uspo\u0159\u00e1dali teamgymov\u00fd z\u00e1vod\u00a0O poh\u00e1r m\u011bsta Ostravy!!!\u00a0<\/p>\n","protected":false},"author":1,"featured_media":0,"comment_status":"closed","ping_status":"open","sticky":false,"template":"","format":"standard","meta":[],"categories":[20],"tags":[],"_links":{"self":[{"href":"https:\/\/gkvitkovice.cz\/index.php?rest_route=\/wp\/v2\/posts\/6952"}],"collection":[{"href":"https:\/\/gkvitkovice.cz\/index.php?rest_route=\/wp\/v2\/posts"}],"about":[{"href":"https:\/\/gkvitkovice.cz\/index.php?rest_route=\/wp\/v2\/types\/post"}],"author":[{"embeddable":true,"href":"https:\/\/gkvitkovice.cz\/index.php?rest_route=\/wp\/v2\/users\/1"}],"replies":[{"embeddable":true,"href":"https:\/\/gkvitkovice.cz\/index.php?rest_route=%2Fwp%2Fv2%2Fcomments&post=6952"}],"version-history":[{"count":2,"href":"https:\/\/gkvitkovice.cz\/index.php?rest_route=\/wp\/v2\/posts\/6952\/revisions"}],"predecessor-version":[{"id":6991,"href":"https:\/\/gkvitkovice.cz\/index.php?rest_route=\/wp\/v2\/posts\/6952\/revisions\/6991"}],"wp:attachment":[{"href":"https:\/\/gkvitkovice.cz\/index.php?rest_route=%2Fwp%2Fv2%2Fmedia&parent=6952"}],"wp:term":[{"taxonomy":"category","embeddable":true,"href":"https:\/\/gkvitkovice.cz\/index.php?rest_route=%2Fwp%2Fv2%2Fcategories&post=6952"},{"taxonomy":"post_tag","embeddable":true,"href":"https:\/\/gkvitkovice.cz\/index.php?rest_route=%2Fwp%2Fv2%2Ftags&post=6952"}],"curies":[{"name":"wp","href":"https:\/\/api.w.org\/{rel}","templated":true}]}}