{"id":6975,"date":"2025-05-09T11:57:11","date_gmt":"2025-05-09T11:57:11","guid":{"rendered":"https:\/\/gkvitkovice.cz\/?p=6975"},"modified":"2025-05-09T11:57:55","modified_gmt":"2025-05-09T11:57:55","slug":"jarni-prebor-mesta-ostravy-2025","status":"publish","type":"post","link":"https:\/\/gkvitkovice.cz\/?p=6975","title":{"rendered":"Jarn\u00ed p\u0159ebor m\u011bsta Ostravy 2025"},"content":{"rendered":"\n<div class=\"wp-block-image\"><figure class=\"aligncenter size-large is-resized\"><a href=\"https:\/\/gkvitkovice.cz\/wp-content\/uploads\/2025\/05\/IMG_20250427_143259.jpg\"><img loading=\"lazy\" src=\"https:\/\/gkvitkovice.cz\/wp-content\/uploads\/2025\/05\/IMG_20250427_143259-1024x768.jpg\" alt=\"\" class=\"wp-image-6976\" width=\"512\" height=\"384\" srcset=\"https:\/\/gkvitkovice.cz\/wp-content\/uploads\/2025\/05\/IMG_20250427_143259-1024x768.jpg 1024w, https:\/\/gkvitkovice.cz\/wp-content\/uploads\/2025\/05\/IMG_20250427_143259-300x225.jpg 300w, https:\/\/gkvitkovice.cz\/wp-content\/uploads\/2025\/05\/IMG_20250427_143259-768x576.jpg 768w, https:\/\/gkvitkovice.cz\/wp-content\/uploads\/2025\/05\/IMG_20250427_143259-1536x1152.jpg 1536w, https:\/\/gkvitkovice.cz\/wp-content\/uploads\/2025\/05\/IMG_20250427_143259.jpg 2000w\" sizes=\"(max-width: 512px) 100vw, 512px\" \/><\/a><\/figure><\/div>\n\n\n\n<p>V ned\u011bli 27. 4. 2025 prob\u011bhl na dom\u00e1c\u00ed p\u016fd\u011b p\u0159ebor m\u011bsta Ostravy, kter\u00fd byl otev\u0159en&nbsp;i pro mimoostravsk\u00e9 z\u00e1vodnice z Moravskoslezsk\u00e9ho kraje. N\u00e1\u0161 odd\u00edl vybojoval spoustu medail\u00ed, v\u0161em se z\u00e1vod opravdu povedl.&nbsp;<\/p>\n\n\n\n<p>Zlat\u00e9 medaile z\u00edskaly: Za\u010d\u00ednaj\u00edc\u00ed \u017e\u00e1kyn\u011b A &#8211; <strong>A\u010fa Prouzov\u00e1<\/strong>, VSO A &#8211; <strong>Gizi Ho\u0161kov\u00e1<\/strong>, VS1 A &#8211; <strong>Jol\u010da \u010c\u00ed\u017eov\u00e1<\/strong>, VS2 A &#8211; <strong>Terka Prouzov\u00e1<\/strong>, VS3 A &#8211; <strong>Lili Such\u00e1<\/strong>, VS4 A &#8211; <strong>Ani Ulehlov\u00e1<\/strong>, VS4 B &#8211; <strong>Sar\u010da Kri\u017eo\u0161\u010dakov\u00e1<\/strong>, VS5 B, VS6 B &#8211; <strong>Kiki \u0160krochov\u00e1<\/strong>, VS3 C &#8211; <strong>Zar\u010da \u00c1ghov\u00e1<\/strong>, VS5 C, VS6 C &#8211; <strong>Anet Nykodymov\u00e1<\/strong>, VS4 C &#8211; <strong>Sofi Cig\u00e1nkov\u00e1<\/strong><\/p>\n\n\n\n<p>D\u011bv\u010dat\u016fm i tren\u00e9r\u016fm dr\u017e\u00edme p\u011bsti v&nbsp;nadch\u00e1zej\u00edc\u00edch kvalifika\u010dn\u00edch z\u00e1vodech.<\/p>\n\n\n\n<p>D\u011bkujeme v\u0161em z\u00fa\u010dastn\u011bn\u00fdm za kr\u00e1sn\u00e9 v\u00fdkony, tren\u00e9r\u016fm za p\u0159\u00edpravu z\u00e1vodn\u00edk\u016f a rozhod\u010d\u00edm za svi\u017en\u00e9 bodov\u00e1n\u00ed.<\/p>\n\n\n\n<p><br>Moc tak\u00e9 d\u011bkujeme v\u0161em rodi\u010d\u016fm, kte\u0159\u00ed se pod\u00edleli na ob\u010derstven\u00ed v bufetu a tak\u00e9 v\u0161em, kte\u0159\u00ed pom\u00e1hali s organizac\u00ed z\u00e1vodu.<\/p>\n\n\n\n<p>Fotky <a href=\"https:\/\/www.rajce.idnes.cz\/gkvitkovice\/album\/mestsky-prebor-ostrava-27-4-2025\" target=\"_blank\" rel=\"noreferrer noopener\">ZDE<\/a><\/p>\n\n\n\n<p>V\u00fdsledky <a href=\"https:\/\/www.gymfed.cz\/vysledky\/detail\/3803\" target=\"_blank\" rel=\"noreferrer noopener\">ZDE<\/a><\/p>\n\n\n\n<p><em>(Nikola Mlyn\u00e1\u0159ov\u00e1)<\/em><\/p>\n","protected":false},"excerpt":{"rendered":"<p><!-- wp:image {\"align\":\"center\",\"id\":6976,\"width\":512,\"height\":384,\"sizeSlug\":\"large\",\"linkDestination\":\"media\"} --><\/p>\n<div class=\"wp-block-image\">\n<figure class=\"aligncenter size-large is-resized\"><a href=\"https:\/\/gkvitkovice.cz\/wp-content\/uploads\/2025\/05\/IMG_20250427_143259.jpg\"><img loading=\"lazy\" src=\"https:\/\/gkvitkovice.cz\/wp-content\/uploads\/2025\/05\/IMG_20250427_143259-1024x768.jpg\" alt=\"\" class=\"wp-image-6976\" width=\"512\" height=\"384\" srcset=\"https:\/\/gkvitkovice.cz\/wp-content\/uploads\/2025\/05\/IMG_20250427_143259-1024x768.jpg 1024w, https:\/\/gkvitkovice.cz\/wp-content\/uploads\/2025\/05\/IMG_20250427_143259-300x225.jpg 300w, https:\/\/gkvitkovice.cz\/wp-content\/uploads\/2025\/05\/IMG_20250427_143259-768x576.jpg 768w, https:\/\/gkvitkovice.cz\/wp-content\/uploads\/2025\/05\/IMG_20250427_143259-1536x1152.jpg 1536w, https:\/\/gkvitkovice.cz\/wp-content\/uploads\/2025\/05\/IMG_20250427_143259.jpg 2000w\" sizes=\"(max-width: 512px) 100vw, 512px\" \/><\/a><\/figure>\n<\/div>\n<p><!-- \/wp:image --><\/p>\n<p><!-- wp:paragraph --><\/p>\n<p>V ned\u011bli 27. 4. 2025 prob\u011bhl na dom\u00e1c\u00ed p\u016fd\u011b p\u0159ebor m\u011bsta Ostravy, kter\u00fd byl otev\u0159en\u00a0i pro mimoostravsk\u00e9 z\u00e1vodnice z Moravskoslezsk\u00e9ho kraje.<\/p>\n","protected":false},"author":1,"featured_media":0,"comment_status":"closed","ping_status":"open","sticky":false,"template":"","format":"standard","meta":[],"categories":[20],"tags":[],"_links":{"self":[{"href":"https:\/\/gkvitkovice.cz\/index.php?rest_route=\/wp\/v2\/posts\/6975"}],"collection":[{"href":"https:\/\/gkvitkovice.cz\/index.php?rest_route=\/wp\/v2\/posts"}],"about":[{"href":"https:\/\/gkvitkovice.cz\/index.php?rest_route=\/wp\/v2\/types\/post"}],"author":[{"embeddable":true,"href":"https:\/\/gkvitkovice.cz\/index.php?rest_route=\/wp\/v2\/users\/1"}],"replies":[{"embeddable":true,"href":"https:\/\/gkvitkovice.cz\/index.php?rest_route=%2Fwp%2Fv2%2Fcomments&post=6975"}],"version-history":[{"count":2,"href":"https:\/\/gkvitkovice.cz\/index.php?rest_route=\/wp\/v2\/posts\/6975\/revisions"}],"predecessor-version":[{"id":6978,"href":"https:\/\/gkvitkovice.cz\/index.php?rest_route=\/wp\/v2\/posts\/6975\/revisions\/6978"}],"wp:attachment":[{"href":"https:\/\/gkvitkovice.cz\/index.php?rest_route=%2Fwp%2Fv2%2Fmedia&parent=6975"}],"wp:term":[{"taxonomy":"category","embeddable":true,"href":"https:\/\/gkvitkovice.cz\/index.php?rest_route=%2Fwp%2Fv2%2Fcategories&post=6975"},{"taxonomy":"post_tag","embeddable":true,"href":"https:\/\/gkvitkovice.cz\/index.php?rest_route=%2Fwp%2Fv2%2Ftags&post=6975"}],"curies":[{"name":"wp","href":"https:\/\/api.w.org\/{rel}","templated":true}]}}