{"id":6981,"date":"2025-05-11T08:29:56","date_gmt":"2025-05-11T08:29:56","guid":{"rendered":"https:\/\/gkvitkovice.cz\/?p=6981"},"modified":"2025-05-11T08:29:56","modified_gmt":"2025-05-11T08:29:56","slug":"prebor-moravskoslezskeho-kraje-2025","status":"publish","type":"post","link":"https:\/\/gkvitkovice.cz\/?p=6981","title":{"rendered":"P\u0159ebor Moravskoslezsk\u00e9ho kraje 2025"},"content":{"rendered":"\n<div class=\"wp-block-image\"><figure class=\"aligncenter size-large is-resized\"><a href=\"https:\/\/gkvitkovice.cz\/wp-content\/uploads\/2025\/05\/IMG_20250510_133008.jpg\"><img loading=\"lazy\" src=\"https:\/\/gkvitkovice.cz\/wp-content\/uploads\/2025\/05\/IMG_20250510_133008-1024x768.jpg\" alt=\"\" class=\"wp-image-6982\" width=\"512\" height=\"384\" srcset=\"https:\/\/gkvitkovice.cz\/wp-content\/uploads\/2025\/05\/IMG_20250510_133008-1024x768.jpg 1024w, https:\/\/gkvitkovice.cz\/wp-content\/uploads\/2025\/05\/IMG_20250510_133008-300x225.jpg 300w, https:\/\/gkvitkovice.cz\/wp-content\/uploads\/2025\/05\/IMG_20250510_133008-768x576.jpg 768w, https:\/\/gkvitkovice.cz\/wp-content\/uploads\/2025\/05\/IMG_20250510_133008-1536x1152.jpg 1536w, https:\/\/gkvitkovice.cz\/wp-content\/uploads\/2025\/05\/IMG_20250510_133008.jpg 2000w\" sizes=\"(max-width: 512px) 100vw, 512px\" \/><\/a><\/figure><\/div>\n\n\n\n<p>V sobotu 10. 5. 2025 se konal p\u0159ebor Moravskoslezsk\u00e9ho kraje v Opav\u011b. V\u0161echna d\u011bv\u010data p\u0159edvedla moc p\u011bkn\u00e9 sestavy, na kter\u00e9 se p\u0159ipravovala cel\u00e9 jaro, a i p\u0159es nezdary, kter\u00e9 m\u011bla na kladin\u011b, se um\u00edstila v konkurenci 36 z\u00e1vodnic na kr\u00e1sn\u00fdch m\u00edstech. V\u0161echna si tak sv\u00fdmi v\u00fdsledky splnila v\u00fdkonnostn\u00ed kategorii VSO A.<\/p>\n\n\n\n<div class=\"wp-block-group\"><div class=\"wp-block-group__inner-container\">\n<ul><li>4. m\u00edsto <strong>Vendy Krpel\u00edkov\u00e1\u00a0<\/strong><\/li><li>6. m\u00edsto <strong>D\u00e1ja Je\u017e\u00edkov\u00e1\u00a0<\/strong><\/li><li>7. m\u00edsto<strong> Gizi Ho\u0161kov\u00e1\u00a0<\/strong><\/li><li>11. m\u00edsto <strong>Lili Fazeka\u0161ov\u00e1\u00a0<\/strong><\/li><li>16. m\u00edsto <strong>Nina Waleck\u00e1<\/strong><\/li><li>19. m\u00edsto <strong>Lea Va\u0161\u0148ovsk\u00e1<\/strong><\/li><\/ul>\n<\/div><\/div>\n\n\n\n<p>D\u011bv\u010dat\u016fm i tren\u00e9r\u016fm moc gratulujeme.<\/p>\n\n\n\n<p>Fotky <a href=\"https:\/\/www.rajce.idnes.cz\/gkvitkovice\/album\/prebor-moravskoslezskeho-kraje-opava-10-5-2025\" target=\"_blank\" rel=\"noreferrer noopener\">ZDE<\/a><\/p>\n\n\n\n<p>V\u00fdsledky <a href=\"https:\/\/www.gymfed.cz\/vysledky\/detail\/3768?kategorie=11616\" target=\"_blank\" rel=\"noreferrer noopener\">ZDE<\/a><\/p>\n\n\n\n<p><em>(Nikola Mlyn\u00e1\u0159ov\u00e1)<\/em><\/p>\n","protected":false},"excerpt":{"rendered":"<p><!-- wp:image {\"align\":\"center\",\"id\":6982,\"width\":512,\"height\":384,\"sizeSlug\":\"large\",\"linkDestination\":\"media\"} --><\/p>\n<div class=\"wp-block-image\">\n<figure class=\"aligncenter size-large is-resized\"><a href=\"https:\/\/gkvitkovice.cz\/wp-content\/uploads\/2025\/05\/IMG_20250510_133008.jpg\"><img loading=\"lazy\" src=\"https:\/\/gkvitkovice.cz\/wp-content\/uploads\/2025\/05\/IMG_20250510_133008-1024x768.jpg\" alt=\"\" class=\"wp-image-6982\" width=\"512\" height=\"384\" srcset=\"https:\/\/gkvitkovice.cz\/wp-content\/uploads\/2025\/05\/IMG_20250510_133008-1024x768.jpg 1024w, https:\/\/gkvitkovice.cz\/wp-content\/uploads\/2025\/05\/IMG_20250510_133008-300x225.jpg 300w, https:\/\/gkvitkovice.cz\/wp-content\/uploads\/2025\/05\/IMG_20250510_133008-768x576.jpg 768w, https:\/\/gkvitkovice.cz\/wp-content\/uploads\/2025\/05\/IMG_20250510_133008-1536x1152.jpg 1536w, https:\/\/gkvitkovice.cz\/wp-content\/uploads\/2025\/05\/IMG_20250510_133008.jpg 2000w\" sizes=\"(max-width: 512px) 100vw, 512px\" \/><\/a><\/figure>\n<\/div>\n<p><!-- \/wp:image --><\/p>\n<p><!-- wp:paragraph --><\/p>\n<p>V sobotu 10. 5. 2025 se konal p\u0159ebor Moravskoslezsk\u00e9ho kraje v Opav\u011b.<\/p>\n","protected":false},"author":1,"featured_media":0,"comment_status":"closed","ping_status":"open","sticky":false,"template":"","format":"standard","meta":[],"categories":[20],"tags":[],"_links":{"self":[{"href":"https:\/\/gkvitkovice.cz\/index.php?rest_route=\/wp\/v2\/posts\/6981"}],"collection":[{"href":"https:\/\/gkvitkovice.cz\/index.php?rest_route=\/wp\/v2\/posts"}],"about":[{"href":"https:\/\/gkvitkovice.cz\/index.php?rest_route=\/wp\/v2\/types\/post"}],"author":[{"embeddable":true,"href":"https:\/\/gkvitkovice.cz\/index.php?rest_route=\/wp\/v2\/users\/1"}],"replies":[{"embeddable":true,"href":"https:\/\/gkvitkovice.cz\/index.php?rest_route=%2Fwp%2Fv2%2Fcomments&post=6981"}],"version-history":[{"count":1,"href":"https:\/\/gkvitkovice.cz\/index.php?rest_route=\/wp\/v2\/posts\/6981\/revisions"}],"predecessor-version":[{"id":6983,"href":"https:\/\/gkvitkovice.cz\/index.php?rest_route=\/wp\/v2\/posts\/6981\/revisions\/6983"}],"wp:attachment":[{"href":"https:\/\/gkvitkovice.cz\/index.php?rest_route=%2Fwp%2Fv2%2Fmedia&parent=6981"}],"wp:term":[{"taxonomy":"category","embeddable":true,"href":"https:\/\/gkvitkovice.cz\/index.php?rest_route=%2Fwp%2Fv2%2Fcategories&post=6981"},{"taxonomy":"post_tag","embeddable":true,"href":"https:\/\/gkvitkovice.cz\/index.php?rest_route=%2Fwp%2Fv2%2Ftags&post=6981"}],"curies":[{"name":"wp","href":"https:\/\/api.w.org\/{rel}","templated":true}]}}