{"id":6984,"date":"2025-05-14T10:30:24","date_gmt":"2025-05-14T10:30:24","guid":{"rendered":"https:\/\/gkvitkovice.cz\/?p=6984"},"modified":"2025-05-14T10:30:24","modified_gmt":"2025-05-14T10:30:24","slug":"dvakrat-zlato-z-mcr-v-teamgymu-zustava-v-ostrave","status":"publish","type":"post","link":"https:\/\/gkvitkovice.cz\/?p=6984","title":{"rendered":"Dvakr\u00e1t zlato z M\u010cR v TeamGymu z\u016fst\u00e1v\u00e1 v Ostrav\u011b!"},"content":{"rendered":"\n<div class=\"wp-block-image\"><figure class=\"aligncenter size-large is-resized\"><a href=\"https:\/\/gkvitkovice.cz\/wp-content\/uploads\/2025\/05\/493A7899a-1-1.png\"><img loading=\"lazy\" src=\"https:\/\/gkvitkovice.cz\/wp-content\/uploads\/2025\/05\/493A7899a-1-1-1024x1024.png\" alt=\"\" class=\"wp-image-6985\" width=\"512\" height=\"512\" srcset=\"https:\/\/gkvitkovice.cz\/wp-content\/uploads\/2025\/05\/493A7899a-1-1-1024x1024.png 1024w, https:\/\/gkvitkovice.cz\/wp-content\/uploads\/2025\/05\/493A7899a-1-1-300x300.png 300w, https:\/\/gkvitkovice.cz\/wp-content\/uploads\/2025\/05\/493A7899a-1-1-150x150.png 150w, https:\/\/gkvitkovice.cz\/wp-content\/uploads\/2025\/05\/493A7899a-1-1-768x768.png 768w, https:\/\/gkvitkovice.cz\/wp-content\/uploads\/2025\/05\/493A7899a-1-1-1536x1536.png 1536w, https:\/\/gkvitkovice.cz\/wp-content\/uploads\/2025\/05\/493A7899a-1-1.png 2000w\" sizes=\"(max-width: 512px) 100vw, 512px\" \/><\/a><\/figure><\/div>\n\n\n\n<p>V sobotu 10. kv\u011btna 2025 se jeden\u00e1ct na\u0161ich gymnastek z\u00fa\u010dastnilo Mistrovstv\u00ed \u010cesk\u00e9 republiky v TeamGymu, kter\u00e9 letos uspo\u0159\u00e1dala \u010cGF spolu s MSGS v ostravsk\u00e9 v hale na Varensk\u00e9. Z dom\u00e1c\u00ed p\u016fdy odj\u00ed\u017ed\u011bla d\u011bv\u010data s \u00fa\u017easn\u00fdm v\u00fdsledkem \u2013 n\u00e1\u0161 t\u00fdm zv\u00edt\u011bzil v kategorii\u00a0<strong>junior A \u017eeny<\/strong>\u00a0a stal se tak mistrem republiky! Radost v\u0161ak byla dvojn\u00e1sobn\u00e1. Dv\u011b na\u0161e z\u00e1vodnice hostovaly v kategorii\u00a0<strong>senior A mix<\/strong>\u00a0za t\u00fdm SK Fr\u00fddek-M\u00edstek \u2013 a i tento t\u00fdm vybojoval\u00a0<strong>zlato<\/strong>. Je skv\u011bl\u00e9, \u017ee holky mohly p\u0159isp\u011bt k \u00fasp\u011bchu i v t\u00e9to kategorii.<\/p>\n\n\n\n<div class=\"wp-block-image\"><figure class=\"aligncenter size-large is-resized\"><a href=\"https:\/\/gkvitkovice.cz\/wp-content\/uploads\/2025\/05\/1747052839394-scaled.jpg\"><img loading=\"lazy\" src=\"https:\/\/gkvitkovice.cz\/wp-content\/uploads\/2025\/05\/1747052839394-683x1024.jpg\" alt=\"\" class=\"wp-image-6986\" width=\"342\" height=\"512\" srcset=\"https:\/\/gkvitkovice.cz\/wp-content\/uploads\/2025\/05\/1747052839394-683x1024.jpg 683w, https:\/\/gkvitkovice.cz\/wp-content\/uploads\/2025\/05\/1747052839394-200x300.jpg 200w, https:\/\/gkvitkovice.cz\/wp-content\/uploads\/2025\/05\/1747052839394-768x1152.jpg 768w, https:\/\/gkvitkovice.cz\/wp-content\/uploads\/2025\/05\/1747052839394-1024x1536.jpg 1024w, https:\/\/gkvitkovice.cz\/wp-content\/uploads\/2025\/05\/1747052839394-1365x2048.jpg 1365w, https:\/\/gkvitkovice.cz\/wp-content\/uploads\/2025\/05\/1747052839394-scaled.jpg 1707w\" sizes=\"(max-width: 342px) 100vw, 342px\" \/><\/a><\/figure><\/div>\n\n\n\n<p>Oba t\u00fdmy, tedy&nbsp;<strong>junior A \u017eeny<\/strong>&nbsp;i&nbsp;<strong>senior A mix s na\u0161imi z\u00e1vodnicemi<\/strong>, si sv\u00fdmi v\u00fdkony zajistily nominaci na&nbsp;<strong>Mid-European TeamGym Championship<\/strong>, kter\u00fd prob\u011bhne&nbsp;<strong>v listopadu 2025 v italsk\u00e9m Lignano Sabbiadoro<\/strong>. U\u017e te\u010f se t\u011b\u0161\u00edme na tuto mezin\u00e1rodn\u00ed v\u00fdzvu a v\u011b\u0159\u00edme, \u017ee budeme \u010ceskou republiku reprezentovat se ct\u00ed.<\/p>\n\n\n\n<p>D\u011bkujeme v\u0161em rodi\u010d\u016fm a fanou\u0161k\u016fm za podporu a skv\u011blou atmosf\u00e9ru.<\/p>\n\n\n\n<p>Fotky <a rel=\"noreferrer noopener\" href=\"https:\/\/www.rajce.idnes.cz\/gkvitkovice\/album\/mcr-teamgym-2025\" target=\"_blank\">ZDE<\/a><\/p>\n\n\n\n<p>Odkaz na report\u00e1\u017e \u010cT <a href=\"https:\/\/www.ceskatelevize.cz\/porady\/10162155147-gymnastika\/425232401103101\/\" target=\"_blank\" rel=\"noreferrer noopener\">ZDE<\/a><\/p>\n\n\n\n<p><em>(Gabriela Hynek)<\/em><\/p>\n","protected":false},"excerpt":{"rendered":"<p><!-- wp:image {\"align\":\"center\",\"id\":6985,\"width\":512,\"height\":512,\"sizeSlug\":\"large\",\"linkDestination\":\"media\"} --><\/p>\n<div class=\"wp-block-image\">\n<figure class=\"aligncenter size-large is-resized\"><a href=\"https:\/\/gkvitkovice.cz\/wp-content\/uploads\/2025\/05\/493A7899a-1-1.png\"><img loading=\"lazy\" src=\"https:\/\/gkvitkovice.cz\/wp-content\/uploads\/2025\/05\/493A7899a-1-1-1024x1024.png\" alt=\"\" class=\"wp-image-6985\" width=\"512\" height=\"512\" srcset=\"https:\/\/gkvitkovice.cz\/wp-content\/uploads\/2025\/05\/493A7899a-1-1-1024x1024.png 1024w, https:\/\/gkvitkovice.cz\/wp-content\/uploads\/2025\/05\/493A7899a-1-1-300x300.png 300w, https:\/\/gkvitkovice.cz\/wp-content\/uploads\/2025\/05\/493A7899a-1-1-150x150.png 150w, https:\/\/gkvitkovice.cz\/wp-content\/uploads\/2025\/05\/493A7899a-1-1-768x768.png 768w, https:\/\/gkvitkovice.cz\/wp-content\/uploads\/2025\/05\/493A7899a-1-1-1536x1536.png 1536w, https:\/\/gkvitkovice.cz\/wp-content\/uploads\/2025\/05\/493A7899a-1-1.png 2000w\" sizes=\"(max-width: 512px) 100vw, 512px\" \/><\/a><\/figure>\n<\/div>\n<p><!-- \/wp:image --><\/p>\n<p><!-- wp:paragraph --><\/p>\n<p>V sobotu 10. kv\u011btna 2025 se jeden\u00e1ct na\u0161ich gymnastek z\u00fa\u010dastnilo Mistrovstv\u00ed \u010cesk\u00e9 republiky v TeamGymu, kter\u00e9 letos uspo\u0159\u00e1dala \u010cGF spolu s MSGS v ostravsk\u00e9 v hale na Varensk\u00e9.<\/p>\n","protected":false},"author":1,"featured_media":0,"comment_status":"closed","ping_status":"open","sticky":false,"template":"","format":"standard","meta":[],"categories":[20],"tags":[],"_links":{"self":[{"href":"https:\/\/gkvitkovice.cz\/index.php?rest_route=\/wp\/v2\/posts\/6984"}],"collection":[{"href":"https:\/\/gkvitkovice.cz\/index.php?rest_route=\/wp\/v2\/posts"}],"about":[{"href":"https:\/\/gkvitkovice.cz\/index.php?rest_route=\/wp\/v2\/types\/post"}],"author":[{"embeddable":true,"href":"https:\/\/gkvitkovice.cz\/index.php?rest_route=\/wp\/v2\/users\/1"}],"replies":[{"embeddable":true,"href":"https:\/\/gkvitkovice.cz\/index.php?rest_route=%2Fwp%2Fv2%2Fcomments&post=6984"}],"version-history":[{"count":4,"href":"https:\/\/gkvitkovice.cz\/index.php?rest_route=\/wp\/v2\/posts\/6984\/revisions"}],"predecessor-version":[{"id":6990,"href":"https:\/\/gkvitkovice.cz\/index.php?rest_route=\/wp\/v2\/posts\/6984\/revisions\/6990"}],"wp:attachment":[{"href":"https:\/\/gkvitkovice.cz\/index.php?rest_route=%2Fwp%2Fv2%2Fmedia&parent=6984"}],"wp:term":[{"taxonomy":"category","embeddable":true,"href":"https:\/\/gkvitkovice.cz\/index.php?rest_route=%2Fwp%2Fv2%2Fcategories&post=6984"},{"taxonomy":"post_tag","embeddable":true,"href":"https:\/\/gkvitkovice.cz\/index.php?rest_route=%2Fwp%2Fv2%2Ftags&post=6984"}],"curies":[{"name":"wp","href":"https:\/\/api.w.org\/{rel}","templated":true}]}}