{"id":7008,"date":"2025-05-19T09:07:20","date_gmt":"2025-05-19T09:07:20","guid":{"rendered":"https:\/\/gkvitkovice.cz\/?p=7008"},"modified":"2025-05-19T09:07:21","modified_gmt":"2025-05-19T09:07:21","slug":"kvalifikacni-zavody-na-mistrovstvi-ceske-republiky-2025","status":"publish","type":"post","link":"https:\/\/gkvitkovice.cz\/?p=7008","title":{"rendered":"Kvalifika\u010dn\u00ed z\u00e1vody na Mistrovstv\u00ed \u010cesk\u00e9 republiky 2025"},"content":{"rendered":"\n<div class=\"wp-block-image\"><figure class=\"aligncenter size-large is-resized\"><a href=\"https:\/\/gkvitkovice.cz\/wp-content\/uploads\/2025\/05\/499157333_18383272309137357_4753620005797323278_n.jpg\"><img loading=\"lazy\" src=\"https:\/\/gkvitkovice.cz\/wp-content\/uploads\/2025\/05\/499157333_18383272309137357_4753620005797323278_n-1024x628.jpg\" alt=\"\" class=\"wp-image-7009\" width=\"512\" height=\"314\" srcset=\"https:\/\/gkvitkovice.cz\/wp-content\/uploads\/2025\/05\/499157333_18383272309137357_4753620005797323278_n-1024x628.jpg 1024w, https:\/\/gkvitkovice.cz\/wp-content\/uploads\/2025\/05\/499157333_18383272309137357_4753620005797323278_n-300x184.jpg 300w, https:\/\/gkvitkovice.cz\/wp-content\/uploads\/2025\/05\/499157333_18383272309137357_4753620005797323278_n-768x471.jpg 768w, https:\/\/gkvitkovice.cz\/wp-content\/uploads\/2025\/05\/499157333_18383272309137357_4753620005797323278_n.jpg 1255w\" sizes=\"(max-width: 512px) 100vw, 512px\" \/><\/a><\/figure><\/div>\n\n\n\n<p>B\u011bhem m\u011bs\u00edce kv\u011btna prob\u011bhly t\u0159i kvalifika\u010dn\u00ed z\u00e1vody v rychl\u00e9m sledu za sebou, a to v Praze, v Brn\u011b a v Ostrav\u011b v kategori\u00edch VS2A, VS3A, VS4A. <\/p>\n\n\n\n<p>V sobotu 17. 5. 2025 se uskute\u010dnil posledn\u00ed zm\u00edn\u011bn\u00fd KZ, kde jsme z\u00e1sluhou <strong>Frederky Prutkayov\u00e9<\/strong> a <strong>Terky Prouzov\u00e9<\/strong> z\u00edskali dv\u011b st\u0159\u00edbrn\u00e9 medaile. V\u0161echna d\u011bv\u010data si b\u011bhem kvalifikac\u00ed vyzkou\u0161ela nov\u00e9 povinn\u00e9 sestavy i nov\u00e9 prvky. Nevyhnuly se jim jak nemoci, tak zran\u011bn\u00ed. Nicm\u00e9n\u011b o sv\u00e9 p\u0159\u00edm\u00e9 postupov\u00e9 m\u00edsto v kvalifikac\u00edch zabojovala a v\u00edtkovick\u00e9 gymnastky uvid\u00edme na Mistrovstv\u00ed \u010cR v Brn\u011b a v \u010cerno\u0161ic\u00edch.<\/p>\n\n\n\n<div class=\"wp-block-group\"><div class=\"wp-block-group__inner-container\">\n<div class=\"wp-block-image\"><figure class=\"aligncenter size-large is-resized\"><a href=\"https:\/\/gkvitkovice.cz\/wp-content\/uploads\/2025\/05\/499762721_18383272318137357_6958109625238423724_n.jpg\"><img loading=\"lazy\" src=\"https:\/\/gkvitkovice.cz\/wp-content\/uploads\/2025\/05\/499762721_18383272318137357_6958109625238423724_n-1024x628.jpg\" alt=\"\" class=\"wp-image-7010\" width=\"512\" height=\"314\" srcset=\"https:\/\/gkvitkovice.cz\/wp-content\/uploads\/2025\/05\/499762721_18383272318137357_6958109625238423724_n-1024x628.jpg 1024w, https:\/\/gkvitkovice.cz\/wp-content\/uploads\/2025\/05\/499762721_18383272318137357_6958109625238423724_n-300x184.jpg 300w, https:\/\/gkvitkovice.cz\/wp-content\/uploads\/2025\/05\/499762721_18383272318137357_6958109625238423724_n-768x471.jpg 768w, https:\/\/gkvitkovice.cz\/wp-content\/uploads\/2025\/05\/499762721_18383272318137357_6958109625238423724_n.jpg 1255w\" sizes=\"(max-width: 512px) 100vw, 512px\" \/><\/a><\/figure><\/div>\n\n\n\n<p><br>V Brn\u011b prob\u011bhne M\u010cR mistrovsk\u00e9 t\u0159\u00eddy ve dnech 13. &#8211; 15. 6. 2025: <\/p>\n\n\n\n<p><strong>Prutkayov\u00e1 Frederika<\/strong> &#8211; VS4A<\/p>\n\n\n\n<p><strong>Ulehlov\u00e1 Anna<\/strong> &#8211; VS4A<\/p>\n<\/div><\/div>\n\n\n\n<div class=\"wp-block-group\"><div class=\"wp-block-group__inner-container\">\n<p><br>V \u010cerno\u0161ic\u00edch ve dnech 20. &#8211; 22. 6. 2025 bude prob\u00edhat M\u010cR kategori\u00ed VS2A, VS3A a B kategori\u00ed:\u00a0<\/p>\n\n\n\n<p><strong>Prouzov\u00e1 Tereza<\/strong> &#8211; VS2A<\/p>\n\n\n\n<p><strong>Such\u00e1 Liliana<\/strong> &#8211; VS3A<\/p>\n\n\n\n<p><strong>\u0160ilerov\u00e1 Elen<\/strong> &#8211; VS3A<\/p>\n<\/div><\/div>\n\n\n\n<p><br>K v\u00fd\u0161e zm\u00edn\u011bn\u00fdm kvalifikovan\u00fdm d\u011bv\u010dat\u016fm se p\u0159ipoj\u00ed d\u011bv\u010data, kter\u00e9 \u010dek\u00e1 jejich kvalifika\u010dn\u00ed z\u00e1vod 31. 5. 2025 v r\u00e1mci Krajsk\u00e9ho p\u0159eboru v Ostrav\u011b. Budeme r\u00e1di, kdy\u017e p\u0159ijdete podpo\u0159it na\u0161e d\u011bv\u010data v jejich \u00fasil\u00ed.<\/p>\n\n\n\n<p><br>V\u0161em d\u011bv\u010dat\u016fm d\u011bkujeme za p\u00edli, tren\u00e9r\u016fm za p\u0159\u00edpravu a rozhod\u010d\u00edm za celodenn\u00ed maratony za rozhodcovsk\u00fdm stolkem.<\/p>\n\n\n\n<p><strong><em>Memori\u00e1l Marie \u0160irok\u00e9, Praha 3. 5. 2025<\/em><\/strong><\/p>\n\n\n\n<p>Fotky <a href=\"https:\/\/www.rajce.idnes.cz\/gkvitkovice\/album\/memorial-marie-siroke-praha-3-5-2025\" target=\"_blank\" rel=\"noreferrer noopener\">ZDE<\/a><\/p>\n\n\n\n<p>V\u00fdsledky  <a rel=\"noreferrer noopener\" href=\"https:\/\/www.gymfed.cz\/vysledky\/detail\/3445?kategorie=10110\" target=\"_blank\">ZDE<\/a><\/p>\n\n\n\n<p><\/p>\n\n\n\n<p><strong><em>Memori\u00e1l V\u011bry R\u016f\u017ei\u010dkov\u00e9, Brno 8. 5. 2025<\/em><\/strong><\/p>\n\n\n\n<p>Fotky <a href=\"https:\/\/www.rajce.idnes.cz\/gkvitkovice\/album\/memorial-very-ruzickove-brno-8-5-2025\" target=\"_blank\" rel=\"noreferrer noopener\">ZDE<\/a><\/p>\n\n\n\n<p>V\u00fdsledky <a rel=\"noreferrer noopener\" href=\"https:\/\/www.gymfed.cz\/kalendar\/detail\/3662\" target=\"_blank\">ZDE<\/a><\/p>\n\n\n\n<p><\/p>\n\n\n\n<p><strong><em>Memori\u00e1l Miroslava Kojdeck\u00e9ho, Ostrava 17. 5. 2025<\/em><\/strong><\/p>\n\n\n\n<p>Fotky <a href=\"https:\/\/www.rajce.idnes.cz\/gkvitkovice\/album\/memorial-miroslava-kojdeckeho-ostrava-17-5-2025\" target=\"_blank\" rel=\"noreferrer noopener\">ZDE<\/a><\/p>\n\n\n\n<p>V\u00fdsledky <a rel=\"noreferrer noopener\" href=\"https:\/\/www.gymfed.cz\/kalendar\/detail\/3627\" target=\"_blank\">ZDE<\/a><\/p>\n\n\n\n<p><em>(Monika Prutkayov\u00e1)<\/em><\/p>\n\n\n\n<p><\/p>\n","protected":false},"excerpt":{"rendered":"<p><!-- wp:image {\"align\":\"center\",\"id\":7009,\"width\":512,\"height\":314,\"sizeSlug\":\"large\",\"linkDestination\":\"media\"} --><\/p>\n<div class=\"wp-block-image\">\n<figure class=\"aligncenter size-large is-resized\"><a href=\"https:\/\/gkvitkovice.cz\/wp-content\/uploads\/2025\/05\/499157333_18383272309137357_4753620005797323278_n.jpg\"><img loading=\"lazy\" src=\"https:\/\/gkvitkovice.cz\/wp-content\/uploads\/2025\/05\/499157333_18383272309137357_4753620005797323278_n-1024x628.jpg\" alt=\"\" class=\"wp-image-7009\" width=\"512\" height=\"314\" srcset=\"https:\/\/gkvitkovice.cz\/wp-content\/uploads\/2025\/05\/499157333_18383272309137357_4753620005797323278_n-1024x628.jpg 1024w, https:\/\/gkvitkovice.cz\/wp-content\/uploads\/2025\/05\/499157333_18383272309137357_4753620005797323278_n-300x184.jpg 300w, https:\/\/gkvitkovice.cz\/wp-content\/uploads\/2025\/05\/499157333_18383272309137357_4753620005797323278_n-768x471.jpg 768w, https:\/\/gkvitkovice.cz\/wp-content\/uploads\/2025\/05\/499157333_18383272309137357_4753620005797323278_n.jpg 1255w\" sizes=\"(max-width: 512px) 100vw, 512px\" \/><\/a><\/figure>\n<\/div>\n<p><!-- \/wp:image --><\/p>\n<p><!-- wp:paragraph --><\/p>\n<p>B\u011bhem m\u011bs\u00edce kv\u011btna prob\u011bhly t\u0159i kvalifika\u010dn\u00ed z\u00e1vody v rychl\u00e9m sledu za sebou, a to v Praze, v Brn\u011b a v Ostrav\u011b v kategori\u00edch VS2A, VS3A, VS4A. <\/p>\n","protected":false},"author":1,"featured_media":0,"comment_status":"closed","ping_status":"open","sticky":false,"template":"","format":"standard","meta":[],"categories":[20],"tags":[],"_links":{"self":[{"href":"https:\/\/gkvitkovice.cz\/index.php?rest_route=\/wp\/v2\/posts\/7008"}],"collection":[{"href":"https:\/\/gkvitkovice.cz\/index.php?rest_route=\/wp\/v2\/posts"}],"about":[{"href":"https:\/\/gkvitkovice.cz\/index.php?rest_route=\/wp\/v2\/types\/post"}],"author":[{"embeddable":true,"href":"https:\/\/gkvitkovice.cz\/index.php?rest_route=\/wp\/v2\/users\/1"}],"replies":[{"embeddable":true,"href":"https:\/\/gkvitkovice.cz\/index.php?rest_route=%2Fwp%2Fv2%2Fcomments&post=7008"}],"version-history":[{"count":1,"href":"https:\/\/gkvitkovice.cz\/index.php?rest_route=\/wp\/v2\/posts\/7008\/revisions"}],"predecessor-version":[{"id":7011,"href":"https:\/\/gkvitkovice.cz\/index.php?rest_route=\/wp\/v2\/posts\/7008\/revisions\/7011"}],"wp:attachment":[{"href":"https:\/\/gkvitkovice.cz\/index.php?rest_route=%2Fwp%2Fv2%2Fmedia&parent=7008"}],"wp:term":[{"taxonomy":"category","embeddable":true,"href":"https:\/\/gkvitkovice.cz\/index.php?rest_route=%2Fwp%2Fv2%2Fcategories&post=7008"},{"taxonomy":"post_tag","embeddable":true,"href":"https:\/\/gkvitkovice.cz\/index.php?rest_route=%2Fwp%2Fv2%2Ftags&post=7008"}],"curies":[{"name":"wp","href":"https:\/\/api.w.org\/{rel}","templated":true}]}}