{"id":7018,"date":"2025-05-29T12:34:07","date_gmt":"2025-05-29T12:34:07","guid":{"rendered":"https:\/\/gkvitkovice.cz\/?p=7018"},"modified":"2025-05-29T12:34:08","modified_gmt":"2025-05-29T12:34:08","slug":"rosicka-stika-2025","status":"publish","type":"post","link":"https:\/\/gkvitkovice.cz\/?p=7018","title":{"rendered":"Rosick\u00e1 \u0161tika 2025"},"content":{"rendered":"\n<div class=\"wp-block-image\"><figure class=\"aligncenter size-large is-resized\"><a href=\"https:\/\/gkvitkovice.cz\/wp-content\/uploads\/2025\/05\/IMG_6711.jpg\"><img loading=\"lazy\" src=\"https:\/\/gkvitkovice.cz\/wp-content\/uploads\/2025\/05\/IMG_6711-768x1024.jpg\" alt=\"\" class=\"wp-image-7019\" width=\"384\" height=\"512\" srcset=\"https:\/\/gkvitkovice.cz\/wp-content\/uploads\/2025\/05\/IMG_6711-768x1024.jpg 768w, https:\/\/gkvitkovice.cz\/wp-content\/uploads\/2025\/05\/IMG_6711-225x300.jpg 225w, https:\/\/gkvitkovice.cz\/wp-content\/uploads\/2025\/05\/IMG_6711-1152x1536.jpg 1152w, https:\/\/gkvitkovice.cz\/wp-content\/uploads\/2025\/05\/IMG_6711.jpg 1500w\" sizes=\"(max-width: 384px) 100vw, 384px\" \/><\/a><\/figure><\/div>\n\n\n<p>Sobotn\u00ed den pat\u0159il Rosic\u00edm, kde si tren\u00e9rky Mon\u010da a Nikol spole\u010dn\u011b s d\u011bv\u010daty vyjely zaz\u00e1vodit na 20. ro\u010dn\u00edk Rosick\u00e9 \u0161tiky. Z\u00e1vodilo se ve voln\u00e9m dvojboji prostn\u00e1 a p\u0159eskok. Sou\u010d\u00e1st\u00ed tohoto p\u011bkn\u00e9ho z\u00e1vodu byl i z\u00e1vod dru\u017estev pro 1. &#8211; 3. kategorii, na\u0161e dru\u017estvo bylo slo\u017eeno z t\u011bchto d\u011bv\u010dat: <strong>Terka Prouzov\u00e1<\/strong>, <strong>Jol\u010da \u010c\u00ed\u017eov\u00e1<\/strong> a<strong> Gizi Ho\u0161kov\u00e1<\/strong>. D\u011bv\u010data si s celkov\u00fdm po\u010dtem bod\u016f 66,040 vybojovala kr\u00e1sn\u00e9 1. m\u00edsto.<\/p>\n<p>V\u0161em d\u011bv\u010dat\u016fm se z\u00e1vod vyda\u0159il a ka\u017ed\u00e1 si odv\u00e1\u017e\u00ed medaili i poh\u00e1r.<br \/>I. kategorie (2018 a mlad\u0161\u00ed): 1. m\u00edsto Jul\u010da Bern\u00e1tov\u00e1, 2. m\u00edsto Gizi Ho\u0161kov\u00e1, 3. m\u00edsto A\u010fa Prouzov\u00e1<br \/>II. kategorie (2017): 1. m\u00edsto Jol\u010da \u010c\u00ed\u017eov\u00e1<br \/>III. kategorie (2016): 1. m\u00edsto Terka Prouzov\u00e1<br \/>VI. kategorie (2013): 1. m\u00edsto Sar\u010da K\u0159i\u017eo\u0161\u010dakov\u00e1<br \/>VII. kategorie (2011 &#8211; 2012): 1. m\u00edsto Lili Mlyn\u00e1\u0159ov\u00e1<\/p>\n<p>Holk\u00e1m i tren\u00e9r\u016fm moc gratulujeme.<\/p>\n<p>Fotky <a href=\"https:\/\/www.rajce.idnes.cz\/gkvitkovice\/album\/rosicka-stika-24-5-2025\">ZDE<\/a><\/p>\n<p>V\u00fdsledky <a href=\"https:\/\/www.gymfed.cz\/vysledky\/detail\/3781\">ZDE<\/a><\/p>\n<p><em>(Nikola Mlyn\u00e1\u0159ov\u00e1)<\/em><\/p>","protected":false},"excerpt":{"rendered":"<p><!-- wp:image {\"align\":\"center\",\"id\":7019,\"width\":384,\"height\":512,\"sizeSlug\":\"large\",\"linkDestination\":\"media\"} --><\/p>\n<div class=\"wp-block-image\">\n<figure class=\"aligncenter size-large is-resized\"><a href=\"https:\/\/gkvitkovice.cz\/wp-content\/uploads\/2025\/05\/IMG_6711.jpg\"><img loading=\"lazy\" src=\"https:\/\/gkvitkovice.cz\/wp-content\/uploads\/2025\/05\/IMG_6711-768x1024.jpg\" alt=\"\" class=\"wp-image-7019\" width=\"384\" height=\"512\" srcset=\"https:\/\/gkvitkovice.cz\/wp-content\/uploads\/2025\/05\/IMG_6711-768x1024.jpg 768w, https:\/\/gkvitkovice.cz\/wp-content\/uploads\/2025\/05\/IMG_6711-225x300.jpg 225w, https:\/\/gkvitkovice.cz\/wp-content\/uploads\/2025\/05\/IMG_6711-1152x1536.jpg 1152w, https:\/\/gkvitkovice.cz\/wp-content\/uploads\/2025\/05\/IMG_6711.jpg 1500w\" sizes=\"(max-width: 384px) 100vw, 384px\" \/><\/a><\/figure>\n<\/div>\n<p><!-- \/wp:image --><\/p>\n<p>Sobotn\u00ed den pat\u0159il Rosic\u00edm, kde si tren\u00e9rky Mon\u010da a Nikol spole\u010dn\u011b s d\u011bv\u010daty vyjely zaz\u00e1vodit na 20. ro\u010dn\u00edk Rosick\u00e9 \u0161tiky.<\/p>\n","protected":false},"author":1,"featured_media":0,"comment_status":"closed","ping_status":"open","sticky":false,"template":"","format":"standard","meta":[],"categories":[20],"tags":[],"_links":{"self":[{"href":"https:\/\/gkvitkovice.cz\/index.php?rest_route=\/wp\/v2\/posts\/7018"}],"collection":[{"href":"https:\/\/gkvitkovice.cz\/index.php?rest_route=\/wp\/v2\/posts"}],"about":[{"href":"https:\/\/gkvitkovice.cz\/index.php?rest_route=\/wp\/v2\/types\/post"}],"author":[{"embeddable":true,"href":"https:\/\/gkvitkovice.cz\/index.php?rest_route=\/wp\/v2\/users\/1"}],"replies":[{"embeddable":true,"href":"https:\/\/gkvitkovice.cz\/index.php?rest_route=%2Fwp%2Fv2%2Fcomments&post=7018"}],"version-history":[{"count":1,"href":"https:\/\/gkvitkovice.cz\/index.php?rest_route=\/wp\/v2\/posts\/7018\/revisions"}],"predecessor-version":[{"id":7020,"href":"https:\/\/gkvitkovice.cz\/index.php?rest_route=\/wp\/v2\/posts\/7018\/revisions\/7020"}],"wp:attachment":[{"href":"https:\/\/gkvitkovice.cz\/index.php?rest_route=%2Fwp%2Fv2%2Fmedia&parent=7018"}],"wp:term":[{"taxonomy":"category","embeddable":true,"href":"https:\/\/gkvitkovice.cz\/index.php?rest_route=%2Fwp%2Fv2%2Fcategories&post=7018"},{"taxonomy":"post_tag","embeddable":true,"href":"https:\/\/gkvitkovice.cz\/index.php?rest_route=%2Fwp%2Fv2%2Ftags&post=7018"}],"curies":[{"name":"wp","href":"https:\/\/api.w.org\/{rel}","templated":true}]}}