{"id":7022,"date":"2025-06-16T07:34:34","date_gmt":"2025-06-16T07:34:34","guid":{"rendered":"https:\/\/gkvitkovice.cz\/?p=7022"},"modified":"2025-06-16T07:34:34","modified_gmt":"2025-06-16T07:34:34","slug":"mistrovstvi-cr-mt-2025","status":"publish","type":"post","link":"https:\/\/gkvitkovice.cz\/?p=7022","title":{"rendered":"Mistrovstv\u00ed \u010cR MT 2025"},"content":{"rendered":"\n<div class=\"wp-block-image\"><figure class=\"aligncenter size-large is-resized\"><a href=\"https:\/\/gkvitkovice.cz\/wp-content\/uploads\/2025\/06\/IMG_20250614_091003-scaled.jpg\"><img loading=\"lazy\" src=\"https:\/\/gkvitkovice.cz\/wp-content\/uploads\/2025\/06\/IMG_20250614_091003-769x1024.jpg\" alt=\"\" class=\"wp-image-7023\" width=\"385\" height=\"512\" srcset=\"https:\/\/gkvitkovice.cz\/wp-content\/uploads\/2025\/06\/IMG_20250614_091003-769x1024.jpg 769w, https:\/\/gkvitkovice.cz\/wp-content\/uploads\/2025\/06\/IMG_20250614_091003-225x300.jpg 225w, https:\/\/gkvitkovice.cz\/wp-content\/uploads\/2025\/06\/IMG_20250614_091003-768x1023.jpg 768w, https:\/\/gkvitkovice.cz\/wp-content\/uploads\/2025\/06\/IMG_20250614_091003-1153x1536.jpg 1153w, https:\/\/gkvitkovice.cz\/wp-content\/uploads\/2025\/06\/IMG_20250614_091003-1538x2048.jpg 1538w, https:\/\/gkvitkovice.cz\/wp-content\/uploads\/2025\/06\/IMG_20250614_091003-scaled.jpg 1922w\" sizes=\"(max-width: 385px) 100vw, 385px\" \/><\/a><\/figure><\/div>\n\n\n<p>Leto\u0161n\u00ed mistrovstv\u00ed \u010cR MT se konalo op\u011bt v Brn\u011b a n\u00e1\u0161 klub reprezentovala jedin\u00e1 \u00fa\u010dastnice <strong>Anna Ulehlov\u00e1<\/strong> v kategorii kadetek. A\u0148a zacvi\u010dila v\u0161echna \u010dty\u0159i n\u00e1\u0159ad\u00ed hezky, bez p\u00e1du. Obsadila p\u011bkn\u00e9 18. m\u00edsto v konkurenci 40 z\u00e1vodnic. Bohu\u017eel kv\u016fli zran\u011bn\u00ed nenastoupily ke sv\u00e9mu z\u00e1vodu Frederika Prutkayov\u00e1 s Ad\u00e9lou Chudovou.<\/p>\n<p>D\u011bkujeme za reprezentaci klubu, tren\u00e9r\u016fm za p\u0159\u00edpravu, zran\u011bn\u00fdm d\u011bv\u010dat\u016fm p\u0159ejeme brzk\u00e9 uzdraven\u00ed a po pr\u00e1zdnin\u00e1ch v\u0161em hodn\u011b el\u00e1nu do nadch\u00e1zej\u00edc\u00ed sezony.<\/p>\n<p>V\u00fdsledky <a href=\"https:\/\/www.gymfed.cz\/vysledky\/detail\/3436?kategorie=12381\" target=\"_blank\" rel=\"noopener\">ZDE<\/a><\/p>\n<p><em>(Monika Prutkayov\u00e1)<\/em><\/p>","protected":false},"excerpt":{"rendered":"<p><!-- wp:image {\"align\":\"center\",\"id\":7023,\"width\":385,\"height\":512,\"sizeSlug\":\"large\",\"linkDestination\":\"media\"} --><\/p>\n<div class=\"wp-block-image\">\n<figure class=\"aligncenter size-large is-resized\"><a href=\"https:\/\/gkvitkovice.cz\/wp-content\/uploads\/2025\/06\/IMG_20250614_091003-scaled.jpg\"><img loading=\"lazy\" src=\"https:\/\/gkvitkovice.cz\/wp-content\/uploads\/2025\/06\/IMG_20250614_091003-769x1024.jpg\" alt=\"\" class=\"wp-image-7023\" width=\"385\" height=\"512\" srcset=\"https:\/\/gkvitkovice.cz\/wp-content\/uploads\/2025\/06\/IMG_20250614_091003-769x1024.jpg 769w, https:\/\/gkvitkovice.cz\/wp-content\/uploads\/2025\/06\/IMG_20250614_091003-225x300.jpg 225w, https:\/\/gkvitkovice.cz\/wp-content\/uploads\/2025\/06\/IMG_20250614_091003-768x1023.jpg 768w, https:\/\/gkvitkovice.cz\/wp-content\/uploads\/2025\/06\/IMG_20250614_091003-1153x1536.jpg 1153w, https:\/\/gkvitkovice.cz\/wp-content\/uploads\/2025\/06\/IMG_20250614_091003-1538x2048.jpg 1538w, https:\/\/gkvitkovice.cz\/wp-content\/uploads\/2025\/06\/IMG_20250614_091003-scaled.jpg 1922w\" sizes=\"(max-width: 385px) 100vw, 385px\" \/><\/a><\/figure>\n<\/div>\n<p><!-- \/wp:image --><\/p>\n<p>Leto\u0161n\u00ed mistrovstv\u00ed \u010cR MT se konalo op\u011bt v Brn\u011b a n\u00e1\u0161 klub reprezentovala jedin\u00e1 \u00fa\u010dastnice <strong>Anna Ulehlov\u00e1<\/strong> v kategorii kadetek.<\/p>\n","protected":false},"author":1,"featured_media":0,"comment_status":"closed","ping_status":"open","sticky":false,"template":"","format":"standard","meta":[],"categories":[20],"tags":[],"_links":{"self":[{"href":"https:\/\/gkvitkovice.cz\/index.php?rest_route=\/wp\/v2\/posts\/7022"}],"collection":[{"href":"https:\/\/gkvitkovice.cz\/index.php?rest_route=\/wp\/v2\/posts"}],"about":[{"href":"https:\/\/gkvitkovice.cz\/index.php?rest_route=\/wp\/v2\/types\/post"}],"author":[{"embeddable":true,"href":"https:\/\/gkvitkovice.cz\/index.php?rest_route=\/wp\/v2\/users\/1"}],"replies":[{"embeddable":true,"href":"https:\/\/gkvitkovice.cz\/index.php?rest_route=%2Fwp%2Fv2%2Fcomments&post=7022"}],"version-history":[{"count":1,"href":"https:\/\/gkvitkovice.cz\/index.php?rest_route=\/wp\/v2\/posts\/7022\/revisions"}],"predecessor-version":[{"id":7024,"href":"https:\/\/gkvitkovice.cz\/index.php?rest_route=\/wp\/v2\/posts\/7022\/revisions\/7024"}],"wp:attachment":[{"href":"https:\/\/gkvitkovice.cz\/index.php?rest_route=%2Fwp%2Fv2%2Fmedia&parent=7022"}],"wp:term":[{"taxonomy":"category","embeddable":true,"href":"https:\/\/gkvitkovice.cz\/index.php?rest_route=%2Fwp%2Fv2%2Fcategories&post=7022"},{"taxonomy":"post_tag","embeddable":true,"href":"https:\/\/gkvitkovice.cz\/index.php?rest_route=%2Fwp%2Fv2%2Ftags&post=7022"}],"curies":[{"name":"wp","href":"https:\/\/api.w.org\/{rel}","templated":true}]}}