{"id":7254,"date":"2025-12-12T10:34:56","date_gmt":"2025-12-12T10:34:56","guid":{"rendered":"https:\/\/gkvitkovice.cz\/?p=7254"},"modified":"2025-12-12T10:38:22","modified_gmt":"2025-12-12T10:38:22","slug":"posledni-kontrolni-zavod-pred-mid-european-probehl-v-pribrami-2","status":"publish","type":"post","link":"https:\/\/gkvitkovice.cz\/?p=7254","title":{"rendered":"Posledn\u00ed kontroln\u00ed z\u00e1vod p\u0159ed MID European prob\u011bhl v P\u0159\u00edbrami"},"content":{"rendered":"\n<div class=\"wp-block-image\"><figure class=\"aligncenter size-large is-resized\"><a href=\"https:\/\/gkvitkovice.cz\/wp-content\/uploads\/2025\/12\/05_Pribram_189-1-scaled.jpg\"><img loading=\"lazy\" src=\"https:\/\/gkvitkovice.cz\/wp-content\/uploads\/2025\/12\/05_Pribram_189-1-1024x683.jpg\" alt=\"\" class=\"wp-image-7255\" width=\"512\" height=\"342\" srcset=\"https:\/\/gkvitkovice.cz\/wp-content\/uploads\/2025\/12\/05_Pribram_189-1-1024x683.jpg 1024w, https:\/\/gkvitkovice.cz\/wp-content\/uploads\/2025\/12\/05_Pribram_189-1-300x200.jpg 300w, https:\/\/gkvitkovice.cz\/wp-content\/uploads\/2025\/12\/05_Pribram_189-1-768x512.jpg 768w, https:\/\/gkvitkovice.cz\/wp-content\/uploads\/2025\/12\/05_Pribram_189-1-1536x1024.jpg 1536w, https:\/\/gkvitkovice.cz\/wp-content\/uploads\/2025\/12\/05_Pribram_189-1-2048x1365.jpg 2048w\" sizes=\"(max-width: 512px) 100vw, 512px\" \/><\/a><\/figure><\/div>\n\n\n\n<p>Posledn\u00ed prov\u011brka p\u0159ed odjezdem na dlouho o\u010dek\u00e1van\u00fd MID European TeamGym Championships se uskute\u010dnila v P\u0159\u00edbrami, kde se na\u0161e z\u00e1vodnice p\u0159edstavily v \u010d\u00e1ste\u010dn\u011b pozm\u011bn\u011bn\u00e9m slo\u017een\u00ed. D\u016fvodem byla zdravotn\u00ed indispozice jedn\u00e9 z gymnastek.&nbsp;<\/p>\n\n\n\n<p>V P\u0159\u00edbrami si poprv\u00e9 vyzkou\u0161ely zcela novou p\u00f3diovou skladbu, dle nov\u00fdch pravidel. V \u010cesk\u00e9 republice sice vejdou v platnost a\u017e v roce 2026, nicm\u00e9n\u011b pro z\u00e1vod MID bylo pot\u0159eba sestavu vyzkou\u0161et. Z\u00e1vod tak byl ide\u00e1ln\u00ed p\u0159\u00edle\u017eitost\u00ed otestovat v\u0161echny nov\u00e9 prvky v z\u00e1vodn\u00edm tempu.&nbsp;A holky potvrdily, \u017ee jsou na mezin\u00e1rodn\u00ed sout\u011b\u017e dob\u0159e p\u0159ipraven\u00e9.<\/p>\n\n\n\n<p>Na\u0161e juniorky A dok\u00e1zaly op\u011bt vybojovat zlatou medaili. Velmi \u00fasp\u011b\u0161n\u00e9 byly i na\u0161e dv\u011b seniorky, kter\u00e9 startovaly v mixu spole\u010dn\u011b s t\u00fdmem Fr\u00fddku-M\u00edstku \u2013 i ony zv\u00edt\u011bzily ve sv\u00e9 kategorii.<\/p>\n\n\n\n<p>Pro v\u0161echny na\u0161e z\u00e1vodnice to nav\u00edc znamenalo nejen zlat\u00fd \u00fasp\u011bch v z\u00e1vod\u011b, ale tak\u00e9 zisk\u00a0<strong>celkov\u00e9ho v\u00edt\u011bzstv\u00ed \u010cesk\u00e9ho poh\u00e1ru TeamGym 2025<\/strong>.<\/p>\n\n\n\n<p><em>(Gabriela Hynek)<\/em><\/p>\n","protected":false},"excerpt":{"rendered":"<p><!-- wp:image {\"align\":\"center\",\"id\":7255,\"width\":512,\"height\":342,\"sizeSlug\":\"large\",\"linkDestination\":\"media\"} --><\/p>\n<div class=\"wp-block-image\">\n<figure class=\"aligncenter size-large is-resized\"><a href=\"https:\/\/gkvitkovice.cz\/wp-content\/uploads\/2025\/12\/05_Pribram_189-1-scaled.jpg\"><img loading=\"lazy\" src=\"https:\/\/gkvitkovice.cz\/wp-content\/uploads\/2025\/12\/05_Pribram_189-1-1024x683.jpg\" alt=\"\" class=\"wp-image-7255\" width=\"512\" height=\"342\" srcset=\"https:\/\/gkvitkovice.cz\/wp-content\/uploads\/2025\/12\/05_Pribram_189-1-1024x683.jpg 1024w, https:\/\/gkvitkovice.cz\/wp-content\/uploads\/2025\/12\/05_Pribram_189-1-300x200.jpg 300w, https:\/\/gkvitkovice.cz\/wp-content\/uploads\/2025\/12\/05_Pribram_189-1-768x512.jpg 768w, https:\/\/gkvitkovice.cz\/wp-content\/uploads\/2025\/12\/05_Pribram_189-1-1536x1024.jpg 1536w, https:\/\/gkvitkovice.cz\/wp-content\/uploads\/2025\/12\/05_Pribram_189-1-2048x1365.jpg 2048w\" sizes=\"(max-width: 512px) 100vw, 512px\" \/><\/a><\/figure>\n<\/div>\n<p><!-- \/wp:image --><\/p>\n<p><!-- wp:paragraph --><\/p>\n<p>Posledn\u00ed prov\u011brka p\u0159ed odjezdem na dlouho o\u010dek\u00e1van\u00fd MID European TeamGym Championships se uskute\u010dnila v P\u0159\u00edbrami, kde se na\u0161e z\u00e1vodnice p\u0159edstavily v \u010d\u00e1ste\u010dn\u011b pozm\u011bn\u011bn\u00e9m slo\u017een\u00ed.<\/p>\n","protected":false},"author":1,"featured_media":0,"comment_status":"closed","ping_status":"open","sticky":false,"template":"","format":"standard","meta":[],"categories":[20],"tags":[],"_links":{"self":[{"href":"https:\/\/gkvitkovice.cz\/index.php?rest_route=\/wp\/v2\/posts\/7254"}],"collection":[{"href":"https:\/\/gkvitkovice.cz\/index.php?rest_route=\/wp\/v2\/posts"}],"about":[{"href":"https:\/\/gkvitkovice.cz\/index.php?rest_route=\/wp\/v2\/types\/post"}],"author":[{"embeddable":true,"href":"https:\/\/gkvitkovice.cz\/index.php?rest_route=\/wp\/v2\/users\/1"}],"replies":[{"embeddable":true,"href":"https:\/\/gkvitkovice.cz\/index.php?rest_route=%2Fwp%2Fv2%2Fcomments&post=7254"}],"version-history":[{"count":2,"href":"https:\/\/gkvitkovice.cz\/index.php?rest_route=\/wp\/v2\/posts\/7254\/revisions"}],"predecessor-version":[{"id":7260,"href":"https:\/\/gkvitkovice.cz\/index.php?rest_route=\/wp\/v2\/posts\/7254\/revisions\/7260"}],"wp:attachment":[{"href":"https:\/\/gkvitkovice.cz\/index.php?rest_route=%2Fwp%2Fv2%2Fmedia&parent=7254"}],"wp:term":[{"taxonomy":"category","embeddable":true,"href":"https:\/\/gkvitkovice.cz\/index.php?rest_route=%2Fwp%2Fv2%2Fcategories&post=7254"},{"taxonomy":"post_tag","embeddable":true,"href":"https:\/\/gkvitkovice.cz\/index.php?rest_route=%2Fwp%2Fv2%2Ftags&post=7254"}],"curies":[{"name":"wp","href":"https:\/\/api.w.org\/{rel}","templated":true}]}}