{"id":7270,"date":"2025-12-17T10:24:39","date_gmt":"2025-12-17T10:24:39","guid":{"rendered":"https:\/\/gkvitkovice.cz\/?p=7270"},"modified":"2025-12-17T10:24:39","modified_gmt":"2025-12-17T10:24:39","slug":"posledni-letosni-reprezentacni-sraz-teamgymu","status":"publish","type":"post","link":"https:\/\/gkvitkovice.cz\/?p=7270","title":{"rendered":"Posledn\u00ed leto\u0161n\u00ed reprezenta\u010dn\u00ed sraz teamgymu"},"content":{"rendered":"\n<div class=\"wp-block-image\"><figure class=\"aligncenter size-large is-resized\"><a href=\"https:\/\/gkvitkovice.cz\/wp-content\/uploads\/2025\/12\/Repre-1.jpg\"><img loading=\"lazy\" src=\"https:\/\/gkvitkovice.cz\/wp-content\/uploads\/2025\/12\/Repre-1-1024x683.jpg\" alt=\"\" class=\"wp-image-7272\" width=\"512\" height=\"342\" srcset=\"https:\/\/gkvitkovice.cz\/wp-content\/uploads\/2025\/12\/Repre-1-1024x683.jpg 1024w, https:\/\/gkvitkovice.cz\/wp-content\/uploads\/2025\/12\/Repre-1-300x200.jpg 300w, https:\/\/gkvitkovice.cz\/wp-content\/uploads\/2025\/12\/Repre-1-768x512.jpg 768w, https:\/\/gkvitkovice.cz\/wp-content\/uploads\/2025\/12\/Repre-1-1536x1024.jpg 1536w, https:\/\/gkvitkovice.cz\/wp-content\/uploads\/2025\/12\/Repre-1-2048x1365.jpg 2048w\" sizes=\"(max-width: 512px) 100vw, 512px\" \/><\/a><\/figure><\/div>\n\n\n<p>Posledn\u00ed leto\u0161n\u00ed reprezenta\u010dn\u00ed sraz teamgymu se uskute\u010dnil prvn\u00ed v\u00edkend v prosinci v P\u0159\u00edbrami. D\u016fvodem zm\u011bny t\u011blocvi\u010dny byl n\u00e1cvik p\u00f3diov\u00e9 skladby, na kterou jsou zdej\u0161\u00ed prostory ide\u00e1ln\u011bj\u0161\u00ed ne\u017e v Praze.<\/p>\n<p>N\u00e1\u0161 odd\u00edl m\u011bl na srazu t\u0159i gymnastky, kter\u00e9 jsou za\u0159azen\u00e9 do juniorsk\u00e9ho mix t\u00fdmu. Samotn\u00fd n\u00e1cvik byl velmi n\u00e1ro\u010dn\u00fd. Cvi\u010dilo se dlouh\u00e9 hodiny denn\u011b, t\u00e9m\u011b\u0159 bez p\u0159eru\u0161en\u00ed, pouze s kr\u00e1tkou pauzou na j\u00eddlo. Ale \u0159ekla bych, \u017ee i p\u0159es vysokou fyzickou z\u00e1t\u011b\u017e panovala na srazu skv\u011bl\u00e1 n\u00e1lada \ud83d\ude42<\/p>\n<p><em>(Gabriela Hynek)<\/em><\/p>","protected":false},"excerpt":{"rendered":"<p><!-- wp:image {\"align\":\"center\",\"id\":7272,\"width\":512,\"height\":342,\"sizeSlug\":\"large\",\"linkDestination\":\"media\"} --><\/p>\n<div class=\"wp-block-image\">\n<figure class=\"aligncenter size-large is-resized\"><a href=\"https:\/\/gkvitkovice.cz\/wp-content\/uploads\/2025\/12\/Repre-1.jpg\"><img loading=\"lazy\" src=\"https:\/\/gkvitkovice.cz\/wp-content\/uploads\/2025\/12\/Repre-1-1024x683.jpg\" alt=\"\" class=\"wp-image-7272\" width=\"512\" height=\"342\" srcset=\"https:\/\/gkvitkovice.cz\/wp-content\/uploads\/2025\/12\/Repre-1-1024x683.jpg 1024w, https:\/\/gkvitkovice.cz\/wp-content\/uploads\/2025\/12\/Repre-1-300x200.jpg 300w, https:\/\/gkvitkovice.cz\/wp-content\/uploads\/2025\/12\/Repre-1-768x512.jpg 768w, https:\/\/gkvitkovice.cz\/wp-content\/uploads\/2025\/12\/Repre-1-1536x1024.jpg 1536w, https:\/\/gkvitkovice.cz\/wp-content\/uploads\/2025\/12\/Repre-1-2048x1365.jpg 2048w\" sizes=\"(max-width: 512px) 100vw, 512px\" \/><\/a><\/figure>\n<\/div>\n<p><!-- \/wp:image --><\/p>\n<p>Posledn\u00ed leto\u0161n\u00ed reprezenta\u010dn\u00ed sraz teamgymu se uskute\u010dnil prvn\u00ed v\u00edkend v prosinci v P\u0159\u00edbrami.<\/p>\n","protected":false},"author":1,"featured_media":0,"comment_status":"closed","ping_status":"open","sticky":false,"template":"","format":"standard","meta":[],"categories":[20],"tags":[],"_links":{"self":[{"href":"https:\/\/gkvitkovice.cz\/index.php?rest_route=\/wp\/v2\/posts\/7270"}],"collection":[{"href":"https:\/\/gkvitkovice.cz\/index.php?rest_route=\/wp\/v2\/posts"}],"about":[{"href":"https:\/\/gkvitkovice.cz\/index.php?rest_route=\/wp\/v2\/types\/post"}],"author":[{"embeddable":true,"href":"https:\/\/gkvitkovice.cz\/index.php?rest_route=\/wp\/v2\/users\/1"}],"replies":[{"embeddable":true,"href":"https:\/\/gkvitkovice.cz\/index.php?rest_route=%2Fwp%2Fv2%2Fcomments&post=7270"}],"version-history":[{"count":1,"href":"https:\/\/gkvitkovice.cz\/index.php?rest_route=\/wp\/v2\/posts\/7270\/revisions"}],"predecessor-version":[{"id":7273,"href":"https:\/\/gkvitkovice.cz\/index.php?rest_route=\/wp\/v2\/posts\/7270\/revisions\/7273"}],"wp:attachment":[{"href":"https:\/\/gkvitkovice.cz\/index.php?rest_route=%2Fwp%2Fv2%2Fmedia&parent=7270"}],"wp:term":[{"taxonomy":"category","embeddable":true,"href":"https:\/\/gkvitkovice.cz\/index.php?rest_route=%2Fwp%2Fv2%2Fcategories&post=7270"},{"taxonomy":"post_tag","embeddable":true,"href":"https:\/\/gkvitkovice.cz\/index.php?rest_route=%2Fwp%2Fv2%2Ftags&post=7270"}],"curies":[{"name":"wp","href":"https:\/\/api.w.org\/{rel}","templated":true}]}}