{"id":7277,"date":"2025-12-18T08:16:02","date_gmt":"2025-12-18T08:16:02","guid":{"rendered":"https:\/\/gkvitkovice.cz\/?p=7277"},"modified":"2025-12-18T08:16:03","modified_gmt":"2025-12-18T08:16:03","slug":"zlinsky-snehulak-13-12-2025","status":"publish","type":"post","link":"https:\/\/gkvitkovice.cz\/?p=7277","title":{"rendered":"Zl\u00ednsk\u00fd sn\u011bhul\u00e1k \u2013 13. 12. 2025"},"content":{"rendered":"\n<div class=\"wp-block-image\"><figure class=\"aligncenter size-large is-resized\"><a href=\"https:\/\/gkvitkovice.cz\/wp-content\/uploads\/2025\/12\/IMG-20251217-WA0006.jpg\"><img loading=\"lazy\" src=\"https:\/\/gkvitkovice.cz\/wp-content\/uploads\/2025\/12\/IMG-20251217-WA0006-768x1024.jpg\" alt=\"\" class=\"wp-image-7278\" width=\"384\" height=\"512\" srcset=\"https:\/\/gkvitkovice.cz\/wp-content\/uploads\/2025\/12\/IMG-20251217-WA0006-768x1024.jpg 768w, https:\/\/gkvitkovice.cz\/wp-content\/uploads\/2025\/12\/IMG-20251217-WA0006-225x300.jpg 225w, https:\/\/gkvitkovice.cz\/wp-content\/uploads\/2025\/12\/IMG-20251217-WA0006-1152x1536.jpg 1152w, https:\/\/gkvitkovice.cz\/wp-content\/uploads\/2025\/12\/IMG-20251217-WA0006.jpg 1200w\" sizes=\"(max-width: 384px) 100vw, 384px\" \/><\/a><\/figure><\/div>\n\n\n\n<p>Posledn\u00edm z\u00e1vodem leto\u0161n\u00edho roku byl\u00a0Zl\u00ednsk\u00fd sn\u011bhul\u00e1k, kter\u00fd se konal v p\u0159\u00edjemn\u00e9 a p\u0159\u00e1telsk\u00e9 sportovn\u00ed atmosf\u00e9\u0159e. Na\u0161e z\u00e1vodnice p\u0159edvedly velmi p\u011bkn\u00e9 v\u00fdkony a odvezly si nejen cenn\u00e9 medailov\u00e9 um\u00edst\u011bn\u00ed, ale tak\u00e9 \u0159adu kr\u00e1sn\u00fdch cen.<\/p>\n\n\n\n<div class=\"wp-block-image\"><figure class=\"aligncenter size-large is-resized\"><a href=\"https:\/\/gkvitkovice.cz\/wp-content\/uploads\/2025\/12\/IMG-20251217-WA0007.jpg\"><img loading=\"lazy\" src=\"https:\/\/gkvitkovice.cz\/wp-content\/uploads\/2025\/12\/IMG-20251217-WA0007-768x1024.jpg\" alt=\"\" class=\"wp-image-7279\" width=\"384\" height=\"512\" srcset=\"https:\/\/gkvitkovice.cz\/wp-content\/uploads\/2025\/12\/IMG-20251217-WA0007-768x1024.jpg 768w, https:\/\/gkvitkovice.cz\/wp-content\/uploads\/2025\/12\/IMG-20251217-WA0007-225x300.jpg 225w, https:\/\/gkvitkovice.cz\/wp-content\/uploads\/2025\/12\/IMG-20251217-WA0007-1152x1536.jpg 1152w, https:\/\/gkvitkovice.cz\/wp-content\/uploads\/2025\/12\/IMG-20251217-WA0007.jpg 1200w\" sizes=\"(max-width: 384px) 100vw, 384px\" \/><\/a><\/figure><\/div>\n\n\n\n<h3>V\u00fdsledky<\/h3>\n\n\n\n<p><strong>Kategorie ro\u010d. 2012\u20132013:<\/strong><br>\ud83e\udd47 Mlyn\u00e1\u0159ov\u00e1 Liliana \u2013 1. m\u00edsto<br>K\u0159i\u017eo\u0161\u010dakov\u00e1 S\u00e1ra \u2013 4. m\u00edsto<\/p>\n\n\n\n<p><strong>Kategorie ro\u010d. 2016\u20132018:<\/strong><br>\ud83e\udd47 Prouzov\u00e1 Tereza \u2013 1. m\u00edsto<\/p>\n\n\n\n<p><strong>Kategorie 2019 a mlad\u0161\u00ed:<\/strong><br>\ud83e\udd47 Bern\u00e1tov\u00e1 Julie \u2013 1. m\u00edsto<br>\ud83e\udd47 Prouzov\u00e1 Ad\u00e9la \u2013 1. m\u00edsto<br>\ud83e\udd49 Such\u00e1 Ema \u2013 3. m\u00edsto<\/p>\n\n\n\n<div class=\"wp-block-image\"><figure class=\"aligncenter size-large is-resized\"><a href=\"https:\/\/gkvitkovice.cz\/wp-content\/uploads\/2025\/12\/IMG-20251213-WA0014.jpg\"><img loading=\"lazy\" src=\"https:\/\/gkvitkovice.cz\/wp-content\/uploads\/2025\/12\/IMG-20251213-WA0014-768x1024.jpg\" alt=\"\" class=\"wp-image-7280\" width=\"384\" height=\"512\" srcset=\"https:\/\/gkvitkovice.cz\/wp-content\/uploads\/2025\/12\/IMG-20251213-WA0014-768x1024.jpg 768w, https:\/\/gkvitkovice.cz\/wp-content\/uploads\/2025\/12\/IMG-20251213-WA0014-225x300.jpg 225w, https:\/\/gkvitkovice.cz\/wp-content\/uploads\/2025\/12\/IMG-20251213-WA0014-1152x1536.jpg 1152w, https:\/\/gkvitkovice.cz\/wp-content\/uploads\/2025\/12\/IMG-20251213-WA0014.jpg 1530w\" sizes=\"(max-width: 384px) 100vw, 384px\" \/><\/a><\/figure><\/div>\n\n\n\n<p><strong>V\u0161em z\u00e1vodnic\u00edm gratulujeme k vynikaj\u00edc\u00edm v\u00fdkon\u016fm a d\u016fstojn\u00e9 te\u010dce za leto\u0161n\u00ed z\u00e1vodn\u00ed sezonou!<\/strong><\/p>\n\n\n\n<p><a rel=\"noreferrer noopener\" href=\"https:\/\/www.gymfed.cz\/vysledky\/detail\/3619\" target=\"_blank\">V\u00fdsledky<\/a><\/p>\n\n\n\n<p><em>(Monika Prutkayov\u00e1)<\/em><\/p>\n","protected":false},"excerpt":{"rendered":"<p><!-- wp:image {\"align\":\"center\",\"id\":7278,\"width\":384,\"height\":512,\"sizeSlug\":\"large\",\"linkDestination\":\"media\"} --><\/p>\n<div class=\"wp-block-image\">\n<figure class=\"aligncenter size-large is-resized\"><a href=\"https:\/\/gkvitkovice.cz\/wp-content\/uploads\/2025\/12\/IMG-20251217-WA0006.jpg\"><img loading=\"lazy\" src=\"https:\/\/gkvitkovice.cz\/wp-content\/uploads\/2025\/12\/IMG-20251217-WA0006-768x1024.jpg\" alt=\"\" class=\"wp-image-7278\" width=\"384\" height=\"512\" srcset=\"https:\/\/gkvitkovice.cz\/wp-content\/uploads\/2025\/12\/IMG-20251217-WA0006-768x1024.jpg 768w, https:\/\/gkvitkovice.cz\/wp-content\/uploads\/2025\/12\/IMG-20251217-WA0006-225x300.jpg 225w, https:\/\/gkvitkovice.cz\/wp-content\/uploads\/2025\/12\/IMG-20251217-WA0006-1152x1536.jpg 1152w, https:\/\/gkvitkovice.cz\/wp-content\/uploads\/2025\/12\/IMG-20251217-WA0006.jpg 1200w\" sizes=\"(max-width: 384px) 100vw, 384px\" \/><\/a><\/figure>\n<\/div>\n<p><!-- \/wp:image --><\/p>\n<p><!-- wp:paragraph --><\/p>\n<p>Posledn\u00edm z\u00e1vodem leto\u0161n\u00edho roku byl\u00a0Zl\u00ednsk\u00fd sn\u011bhul\u00e1k, kter\u00fd se konal v p\u0159\u00edjemn\u00e9 a p\u0159\u00e1telsk\u00e9 sportovn\u00ed atmosf\u00e9\u0159e. <\/p>\n","protected":false},"author":1,"featured_media":0,"comment_status":"closed","ping_status":"open","sticky":false,"template":"","format":"standard","meta":[],"categories":[20],"tags":[],"_links":{"self":[{"href":"https:\/\/gkvitkovice.cz\/index.php?rest_route=\/wp\/v2\/posts\/7277"}],"collection":[{"href":"https:\/\/gkvitkovice.cz\/index.php?rest_route=\/wp\/v2\/posts"}],"about":[{"href":"https:\/\/gkvitkovice.cz\/index.php?rest_route=\/wp\/v2\/types\/post"}],"author":[{"embeddable":true,"href":"https:\/\/gkvitkovice.cz\/index.php?rest_route=\/wp\/v2\/users\/1"}],"replies":[{"embeddable":true,"href":"https:\/\/gkvitkovice.cz\/index.php?rest_route=%2Fwp%2Fv2%2Fcomments&post=7277"}],"version-history":[{"count":1,"href":"https:\/\/gkvitkovice.cz\/index.php?rest_route=\/wp\/v2\/posts\/7277\/revisions"}],"predecessor-version":[{"id":7281,"href":"https:\/\/gkvitkovice.cz\/index.php?rest_route=\/wp\/v2\/posts\/7277\/revisions\/7281"}],"wp:attachment":[{"href":"https:\/\/gkvitkovice.cz\/index.php?rest_route=%2Fwp%2Fv2%2Fmedia&parent=7277"}],"wp:term":[{"taxonomy":"category","embeddable":true,"href":"https:\/\/gkvitkovice.cz\/index.php?rest_route=%2Fwp%2Fv2%2Fcategories&post=7277"},{"taxonomy":"post_tag","embeddable":true,"href":"https:\/\/gkvitkovice.cz\/index.php?rest_route=%2Fwp%2Fv2%2Ftags&post=7277"}],"curies":[{"name":"wp","href":"https:\/\/api.w.org\/{rel}","templated":true}]}}